{"id":3059,"date":"2024-10-02T15:24:11","date_gmt":"2024-10-02T13:24:11","guid":{"rendered":"https:\/\/cebus-celle.de\/?p=3059"},"modified":"2024-10-02T15:29:24","modified_gmt":"2024-10-02T13:29:24","slug":"keinewirtschaftohnewir-ucastnime-se-kampane-dihk-27-von-uns-2","status":"publish","type":"post","link":"https:\/\/cebus-celle.de\/cs\/keinewirtschaftohnewir-wir-machen-mit-bei-der-aktion-27-von-uns-der-dihk\/","title":{"rendered":"#KeineWirtschaft\u00adOhneWir | Wir machen mit bei der Aktion &#8222;27% VON UNS&#8220; der DIHK"},"content":{"rendered":"<div data-elementor-type=\"wp-post\" data-elementor-id=\"3059\" class=\"elementor elementor-3059\" data-elementor-post-type=\"post\">\n\t\t\t\t<div class=\"elementor-element elementor-element-d099e74 e-flex e-con-boxed wpr-particle-no wpr-jarallax-no wpr-parallax-no wpr-sticky-section-no wpr-equal-height-no e-con e-parent\" data-id=\"d099e74\" data-element_type=\"container\" data-e-type=\"container\">\n\t\t\t\t\t<div class=\"e-con-inner\">\n\t\t<div class=\"elementor-element elementor-element-a066194 e-con-full e-flex wpr-particle-no wpr-jarallax-no wpr-parallax-no wpr-sticky-section-no wpr-equal-height-no e-con e-child\" data-id=\"a066194\" data-element_type=\"container\" data-e-type=\"container\">\n\t\t\t\t<div class=\"elementor-element elementor-element-a50ce90 elementor-widget elementor-widget-text-editor\" data-id=\"a50ce90\" data-element_type=\"widget\" data-e-type=\"widget\" data-widget_type=\"text-editor.default\">\n\t\t\t\t<div class=\"elementor-widget-container\">\n\t\t\t\t\t\t\t\t\t<p><span data-teams=\"true\"><span class=\"ui-provider a b c d e f g h i j k l m n o p q r s t u v w x y z ab ac ae af ag ah ai aj ak\" dir=\"ltr\">27% v\u0161ech zam\u011bstnan\u00fdch osob v N\u011bmecku m\u00e1 migra\u010dn\u00ed p\u016fvod. V\u011bd\u011bli jste to? Bez 27% pracovn\u00edk\u016f s migra\u010dn\u00edm p\u016fvodem bychom p\u0159i\u0161li o z\u00e1sadn\u00ed \u010d\u00e1st ekonomiky a spole\u010dnosti. Po desetilet\u00ed rozhoduj\u00edc\u00edm zp\u016fsobem p\u0159isp\u00edvaj\u00ed k \u00fasp\u011bchu podnik\u016f v N\u011bmecku a i v budoucnu budou hr\u00e1t z\u00e1sadn\u00ed roli p\u0159i p\u0159ekon\u00e1v\u00e1n\u00ed nedostatku kvalifikovan\u00e9 pracovn\u00ed s\u00edly. Na to upozor\u0148uje kampa\u0148, kterou po\u0159\u00e1d\u00e1 N\u011bmeck\u00e1 pr\u016fmyslov\u00e1 a obchodn\u00ed komora.<\/span><\/span><\/p>\t\t\t\t\t\t\t\t<\/div>\n\t\t\t\t<\/div>\n\t\t\t\t<\/div>\n\t\t<div class=\"elementor-element elementor-element-e2a522b e-con-full e-flex wpr-particle-no wpr-jarallax-no wpr-parallax-no wpr-sticky-section-no wpr-equal-height-no e-con e-child\" data-id=\"e2a522b\" data-element_type=\"container\" data-e-type=\"container\">\n\t\t\t\t<div class=\"elementor-element elementor-element-ec5bf9d elementor-widget elementor-widget-image\" data-id=\"ec5bf9d\" data-element_type=\"widget\" data-e-type=\"widget\" data-widget_type=\"image.default\">\n\t\t\t\t<div class=\"elementor-widget-container\">\n\t\t\t\t\t\t\t\t\t\t\t\t\t\t\t<img fetchpriority=\"high\" decoding=\"async\" width=\"685\" height=\"233\" src=\"https:\/\/cebus-celle.de\/wp-content\/uploads\/logo_cebus_27_prozent.png\" class=\"attachment-large size-large wp-image-3060\" alt=\"\" srcset=\"https:\/\/cebus-celle.de\/wp-content\/uploads\/logo_cebus_27_prozent.png 685w, https:\/\/cebus-celle.de\/wp-content\/uploads\/logo_cebus_27_prozent-512x174.png 512w, https:\/\/cebus-celle.de\/wp-content\/uploads\/logo_cebus_27_prozent-18x6.png 18w\" sizes=\"(max-width: 685px) 100vw, 685px\" \/>\t\t\t\t\t\t\t\t\t\t\t\t\t\t\t<\/div>\n\t\t\t\t<\/div>\n\t\t\t\t<\/div>\n\t\t<div class=\"elementor-element elementor-element-3bae241 e-con-full e-flex wpr-particle-no wpr-jarallax-no wpr-parallax-no wpr-sticky-section-no wpr-equal-height-no e-con e-child\" data-id=\"3bae241\" data-element_type=\"container\" data-e-type=\"container\">\n\t\t\t\t<div class=\"elementor-element elementor-element-6e1d7a1 elementor-widget elementor-widget-text-editor\" data-id=\"6e1d7a1\" data-element_type=\"widget\" data-e-type=\"widget\" data-widget_type=\"text-editor.default\">\n\t\t\t\t<div class=\"elementor-widget-container\">\n\t\t\t\t\t\t\t\t\t<p><span data-teams=\"true\"><span class=\"ui-provider a b c d e f g h i j k l m n o p q r s t u v w x y z ab ac ae af ag ah ai aj ak\" dir=\"ltr\">V na\u0161\u00ed autobusov\u00e9 spole\u010dnosti se tak\u00e9 setk\u00e1vaj\u00ed kolegov\u00e9 z mnoha r\u016fzn\u00fdch zem\u00ed - proto\u017ee jen spole\u010dn\u011b m\u016f\u017eeme dos\u00e1hnout stoprocentn\u00edho v\u00fdkonu. V na\u0161\u00ed rozmanitosti je na\u0161e s\u00edla!\u00a0<\/span><\/span><\/p><p><span data-teams=\"true\"><span class=\"ui-provider a b c d e f g h i j k l m n o p q r s t u v w x y z ab ac ae af ag ah ai aj ak\" dir=\"ltr\">V\u00edce informac\u00ed najdete na <a id=\"menur105i\" class=\"fui-Link ___1q1shib f2hkw1w f3rmtva f1ewtqcl fyind8e f1k6fduh f1w7gpdv fk6fouc fjoy568 figsok6 f1s184ao f1mk8lai fnbmjn9 f1o700av f13mvf36 f1cmlufx f9n3di6 f1ids18y f1tx3yz7 f1deo86v f1eh06m1 f1iescvh fhgqx19 f1olyrje f1p93eir f1nev41a f1h8hb77 f1lqvz6u f10aw75t fsle3fq f17ae5zn\" title=\"https:\/\/27prozentvonuns.de\/\" href=\"https:\/\/27prozentvonuns.de\/\" target=\"_blank\" rel=\"noreferrer noopener\" aria-label=\"Odkaz https:\/\/27prozentvonuns.de\/\">https:\/\/27prozentvonuns.de\/<\/a><\/span><\/span><\/p>\t\t\t\t\t\t\t\t<\/div>\n\t\t\t\t<\/div>\n\t\t\t\t<\/div>\n\t\t\t\t\t<\/div>\n\t\t\t\t<\/div>\n\t\t\t\t<\/div>","protected":false},"excerpt":{"rendered":"<p>27% aller Erwerbs\u00adt\u00e4tigen in Deutsch\u00adland haben einen Migrations\u00adhintergrund. Wusstest du das? Ohne die 27% Erwerbst\u00e4tigen mit Migrations\u00adhintergrund w\u00fcrde uns als Wirtschaft und Gesellschaft ein elementarer Teil fehlen. Denn seit Jahr\u00adzehnten tragen sie entscheidend zum Erfolg der Unternehmen in Deutschland bei und werden auch in Zukunft eine essentielle Rolle bei der Bew\u00e4ltigung des Fachkr\u00e4fte\u00admangels spielen. Darauf macht die Aktion der Deutschen Industrie- und Handelskammer aufmerksam. Auch bei uns im Busunternehmen kommen Kolleginnen und Kollegen aus vielen verschiedenen L\u00e4ndern zusammen &#8211; denn nur gemeinsam kommen wir auf 100 Prozent Leistung. Unsere Vielfalt ist unsere St\u00e4rke! Erfahre mehr unter https:\/\/27prozentvonuns.de\/<\/p>","protected":false},"author":4,"featured_media":1375,"comment_status":"open","ping_status":"open","sticky":false,"template":"","format":"standard","meta":{"footnotes":""},"categories":[1],"tags":[],"class_list":["post-3059","post","type-post","status-publish","format-standard","has-post-thumbnail","hentry","category-news"],"yoast_head":"<!-- This site is optimized with the Yoast SEO plugin v27.4 - https:\/\/yoast.com\/product\/yoast-seo-wordpress\/ -->\n<title>#KeineWirtschaft\u00adOhneWir | Wir machen mit bei der Aktion &quot;27% VON UNS&quot; der DIHK - Cebus Celle<\/title>\n<meta name=\"robots\" content=\"index, follow, max-snippet:-1, max-image-preview:large, max-video-preview:-1\" \/>\n<link rel=\"canonical\" href=\"https:\/\/cebus-celle.de\/cs\/keinewirtschaftohnewir-ucastnime-se-kampane-dihk-27-von-uns-2\/\" \/>\n<meta property=\"og:locale\" content=\"cs_CZ\" \/>\n<meta property=\"og:type\" content=\"article\" \/>\n<meta property=\"og:title\" content=\"#KeineWirtschaft\u00adOhneWir | Wir machen mit bei der Aktion &quot;27% VON UNS&quot; der DIHK - Cebus Celle\" \/>\n<meta property=\"og:description\" content=\"27% aller Erwerbs\u00adt\u00e4tigen in Deutsch\u00adland haben einen Migrations\u00adhintergrund. Wusstest du das? Ohne die 27% Erwerbst\u00e4tigen mit Migrations\u00adhintergrund w\u00fcrde uns als Wirtschaft und Gesellschaft ein elementarer Teil fehlen. Denn seit Jahr\u00adzehnten tragen sie entscheidend zum Erfolg der Unternehmen in Deutschland bei und werden auch in Zukunft eine essentielle Rolle bei der Bew\u00e4ltigung des Fachkr\u00e4fte\u00admangels spielen. Darauf macht die Aktion der Deutschen Industrie- und Handelskammer aufmerksam. Auch bei uns im Busunternehmen kommen Kolleginnen und Kollegen aus vielen verschiedenen L\u00e4ndern zusammen &#8211; denn nur gemeinsam kommen wir auf 100 Prozent Leistung. Unsere Vielfalt ist unsere St\u00e4rke! Erfahre mehr unter https:\/\/27prozentvonuns.de\/\" \/>\n<meta property=\"og:url\" content=\"https:\/\/cebus-celle.de\/cs\/keinewirtschaftohnewir-ucastnime-se-kampane-dihk-27-von-uns-2\/\" \/>\n<meta property=\"og:site_name\" content=\"Cebus Celle\" \/>\n<meta property=\"article:published_time\" content=\"2024-10-02T13:24:11+00:00\" \/>\n<meta property=\"article:modified_time\" content=\"2024-10-02T13:29:24+00:00\" \/>\n<meta property=\"og:image\" content=\"https:\/\/cebus-celle.de\/wp-content\/uploads\/header_karriere_home-3-1024x317.png\" \/>\n\t<meta property=\"og:image:width\" content=\"1024\" \/>\n\t<meta property=\"og:image:height\" content=\"317\" \/>\n\t<meta property=\"og:image:type\" content=\"image\/png\" \/>\n<meta name=\"author\" content=\"sprager\" \/>\n<meta name=\"twitter:card\" content=\"summary_large_image\" \/>\n<meta name=\"twitter:label1\" content=\"Napsal(a)\" \/>\n\t<meta name=\"twitter:data1\" content=\"sprager\" \/>\n\t<meta name=\"twitter:label2\" content=\"Odhadovan\u00e1 doba \u010dten\u00ed\" \/>\n\t<meta name=\"twitter:data2\" content=\"1 minuta\" \/>\n<script type=\"application\/ld+json\" class=\"yoast-schema-graph\">{\"@context\":\"https:\\\/\\\/schema.org\",\"@graph\":[{\"@type\":\"Article\",\"@id\":\"https:\\\/\\\/cebus-celle.de\\\/keinewirtschaftohnewir-wir-machen-mit-bei-der-aktion-27-von-uns-der-dihk\\\/#article\",\"isPartOf\":{\"@id\":\"https:\\\/\\\/cebus-celle.de\\\/keinewirtschaftohnewir-wir-machen-mit-bei-der-aktion-27-von-uns-der-dihk\\\/\"},\"author\":{\"name\":\"sprager\",\"@id\":\"https:\\\/\\\/cebus-celle.de\\\/#\\\/schema\\\/person\\\/a3569fc414d7f5a2f4d412235832715e\"},\"headline\":\"#KeineWirtschaft\u00adOhneWir | Wir machen mit bei der Aktion &#8222;27% VON UNS&#8220; der DIHK\",\"datePublished\":\"2024-10-02T13:24:11+00:00\",\"dateModified\":\"2024-10-02T13:29:24+00:00\",\"mainEntityOfPage\":{\"@id\":\"https:\\\/\\\/cebus-celle.de\\\/keinewirtschaftohnewir-wir-machen-mit-bei-der-aktion-27-von-uns-der-dihk\\\/\"},\"wordCount\":121,\"commentCount\":0,\"publisher\":{\"@id\":\"https:\\\/\\\/cebus-celle.de\\\/#organization\"},\"image\":{\"@id\":\"https:\\\/\\\/cebus-celle.de\\\/keinewirtschaftohnewir-wir-machen-mit-bei-der-aktion-27-von-uns-der-dihk\\\/#primaryimage\"},\"thumbnailUrl\":\"https:\\\/\\\/cebus-celle.de\\\/wp-content\\\/uploads\\\/header_karriere_home-3.png\",\"articleSection\":[\"News\"],\"inLanguage\":\"cs\",\"potentialAction\":[{\"@type\":\"CommentAction\",\"name\":\"Comment\",\"target\":[\"https:\\\/\\\/cebus-celle.de\\\/keinewirtschaftohnewir-wir-machen-mit-bei-der-aktion-27-von-uns-der-dihk\\\/#respond\"]}]},{\"@type\":\"WebPage\",\"@id\":\"https:\\\/\\\/cebus-celle.de\\\/keinewirtschaftohnewir-wir-machen-mit-bei-der-aktion-27-von-uns-der-dihk\\\/\",\"url\":\"https:\\\/\\\/cebus-celle.de\\\/keinewirtschaftohnewir-wir-machen-mit-bei-der-aktion-27-von-uns-der-dihk\\\/\",\"name\":\"#KeineWirtschaft\u00adOhneWir | Wir machen mit bei der Aktion \\\"27% VON UNS\\\" der DIHK - Cebus Celle\",\"isPartOf\":{\"@id\":\"https:\\\/\\\/cebus-celle.de\\\/#website\"},\"primaryImageOfPage\":{\"@id\":\"https:\\\/\\\/cebus-celle.de\\\/keinewirtschaftohnewir-wir-machen-mit-bei-der-aktion-27-von-uns-der-dihk\\\/#primaryimage\"},\"image\":{\"@id\":\"https:\\\/\\\/cebus-celle.de\\\/keinewirtschaftohnewir-wir-machen-mit-bei-der-aktion-27-von-uns-der-dihk\\\/#primaryimage\"},\"thumbnailUrl\":\"https:\\\/\\\/cebus-celle.de\\\/wp-content\\\/uploads\\\/header_karriere_home-3.png\",\"datePublished\":\"2024-10-02T13:24:11+00:00\",\"dateModified\":\"2024-10-02T13:29:24+00:00\",\"breadcrumb\":{\"@id\":\"https:\\\/\\\/cebus-celle.de\\\/keinewirtschaftohnewir-wir-machen-mit-bei-der-aktion-27-von-uns-der-dihk\\\/#breadcrumb\"},\"inLanguage\":\"cs\",\"potentialAction\":[{\"@type\":\"ReadAction\",\"target\":[\"https:\\\/\\\/cebus-celle.de\\\/keinewirtschaftohnewir-wir-machen-mit-bei-der-aktion-27-von-uns-der-dihk\\\/\"]}]},{\"@type\":\"ImageObject\",\"inLanguage\":\"cs\",\"@id\":\"https:\\\/\\\/cebus-celle.de\\\/keinewirtschaftohnewir-wir-machen-mit-bei-der-aktion-27-von-uns-der-dihk\\\/#primaryimage\",\"url\":\"https:\\\/\\\/cebus-celle.de\\\/wp-content\\\/uploads\\\/header_karriere_home-3.png\",\"contentUrl\":\"https:\\\/\\\/cebus-celle.de\\\/wp-content\\\/uploads\\\/header_karriere_home-3.png\",\"width\":1921,\"height\":594},{\"@type\":\"BreadcrumbList\",\"@id\":\"https:\\\/\\\/cebus-celle.de\\\/keinewirtschaftohnewir-wir-machen-mit-bei-der-aktion-27-von-uns-der-dihk\\\/#breadcrumb\",\"itemListElement\":[{\"@type\":\"ListItem\",\"position\":1,\"name\":\"Startseite\",\"item\":\"https:\\\/\\\/cebus-celle.de\\\/\"},{\"@type\":\"ListItem\",\"position\":2,\"name\":\"#KeineWirtschaft\u00adOhneWir | Wir machen mit bei der Aktion &#8220;27% VON UNS&#8221; der DIHK\"}]},{\"@type\":\"WebSite\",\"@id\":\"https:\\\/\\\/cebus-celle.de\\\/#website\",\"url\":\"https:\\\/\\\/cebus-celle.de\\\/\",\"name\":\"Cebus Celle\",\"description\":\"\",\"publisher\":{\"@id\":\"https:\\\/\\\/cebus-celle.de\\\/#organization\"},\"potentialAction\":[{\"@type\":\"SearchAction\",\"target\":{\"@type\":\"EntryPoint\",\"urlTemplate\":\"https:\\\/\\\/cebus-celle.de\\\/?s={search_term_string}\"},\"query-input\":{\"@type\":\"PropertyValueSpecification\",\"valueRequired\":true,\"valueName\":\"search_term_string\"}}],\"inLanguage\":\"cs\"},{\"@type\":\"Organization\",\"@id\":\"https:\\\/\\\/cebus-celle.de\\\/#organization\",\"name\":\"Cebus Celle\",\"url\":\"https:\\\/\\\/cebus-celle.de\\\/\",\"logo\":{\"@type\":\"ImageObject\",\"inLanguage\":\"cs\",\"@id\":\"https:\\\/\\\/cebus-celle.de\\\/#\\\/schema\\\/logo\\\/image\\\/\",\"url\":\"https:\\\/\\\/cebus-celle.de\\\/wp-content\\\/uploads\\\/logo-kvg.png\",\"contentUrl\":\"https:\\\/\\\/cebus-celle.de\\\/wp-content\\\/uploads\\\/logo-kvg.png\",\"width\":171,\"height\":68,\"caption\":\"Cebus Celle\"},\"image\":{\"@id\":\"https:\\\/\\\/cebus-celle.de\\\/#\\\/schema\\\/logo\\\/image\\\/\"}},{\"@type\":\"Person\",\"@id\":\"https:\\\/\\\/cebus-celle.de\\\/#\\\/schema\\\/person\\\/a3569fc414d7f5a2f4d412235832715e\",\"name\":\"sprager\",\"image\":{\"@type\":\"ImageObject\",\"inLanguage\":\"cs\",\"@id\":\"https:\\\/\\\/secure.gravatar.com\\\/avatar\\\/c9f4904d5ee6846a305eba03c67dfde589dc71ebb212f17ea973f97cbdd5f980?s=96&d=mm&r=g\",\"url\":\"https:\\\/\\\/secure.gravatar.com\\\/avatar\\\/c9f4904d5ee6846a305eba03c67dfde589dc71ebb212f17ea973f97cbdd5f980?s=96&d=mm&r=g\",\"contentUrl\":\"https:\\\/\\\/secure.gravatar.com\\\/avatar\\\/c9f4904d5ee6846a305eba03c67dfde589dc71ebb212f17ea973f97cbdd5f980?s=96&d=mm&r=g\",\"caption\":\"sprager\"},\"url\":\"https:\\\/\\\/cebus-celle.de\\\/cs\\\/author\\\/sprager\\\/\"}]}<\/script>\n<!-- \/ Yoast SEO plugin. -->","yoast_head_json":{"title":"#KeineWirtschaftOhneWir | \u00da\u010dastn\u00edme se kampan\u011b DIHK \"27% VON UNS\" - Cebus Celle","robots":{"index":"index","follow":"follow","max-snippet":"max-snippet:-1","max-image-preview":"max-image-preview:large","max-video-preview":"max-video-preview:-1"},"canonical":"https:\/\/cebus-celle.de\/cs\/keinewirtschaftohnewir-ucastnime-se-kampane-dihk-27-von-uns-2\/","og_locale":"cs_CZ","og_type":"article","og_title":"#KeineWirtschaft\u00adOhneWir | Wir machen mit bei der Aktion \"27% VON UNS\" der DIHK - Cebus Celle","og_description":"27% aller Erwerbs\u00adt\u00e4tigen in Deutsch\u00adland haben einen Migrations\u00adhintergrund. Wusstest du das? Ohne die 27% Erwerbst\u00e4tigen mit Migrations\u00adhintergrund w\u00fcrde uns als Wirtschaft und Gesellschaft ein elementarer Teil fehlen. Denn seit Jahr\u00adzehnten tragen sie entscheidend zum Erfolg der Unternehmen in Deutschland bei und werden auch in Zukunft eine essentielle Rolle bei der Bew\u00e4ltigung des Fachkr\u00e4fte\u00admangels spielen. Darauf macht die Aktion der Deutschen Industrie- und Handelskammer aufmerksam. Auch bei uns im Busunternehmen kommen Kolleginnen und Kollegen aus vielen verschiedenen L\u00e4ndern zusammen &#8211; denn nur gemeinsam kommen wir auf 100 Prozent Leistung. Unsere Vielfalt ist unsere St\u00e4rke! Erfahre mehr unter https:\/\/27prozentvonuns.de\/","og_url":"https:\/\/cebus-celle.de\/cs\/keinewirtschaftohnewir-ucastnime-se-kampane-dihk-27-von-uns-2\/","og_site_name":"Cebus Celle","article_published_time":"2024-10-02T13:24:11+00:00","article_modified_time":"2024-10-02T13:29:24+00:00","og_image":[{"width":1024,"height":317,"url":"https:\/\/cebus-celle.de\/wp-content\/uploads\/header_karriere_home-3-1024x317.png","type":"image\/png"}],"author":"sprager","twitter_card":"summary_large_image","twitter_misc":{"Napsal(a)":"sprager","Odhadovan\u00e1 doba \u010dten\u00ed":"1 minuta"},"schema":{"@context":"https:\/\/schema.org","@graph":[{"@type":"Article","@id":"https:\/\/cebus-celle.de\/keinewirtschaftohnewir-wir-machen-mit-bei-der-aktion-27-von-uns-der-dihk\/#article","isPartOf":{"@id":"https:\/\/cebus-celle.de\/keinewirtschaftohnewir-wir-machen-mit-bei-der-aktion-27-von-uns-der-dihk\/"},"author":{"name":"sprager","@id":"https:\/\/cebus-celle.de\/#\/schema\/person\/a3569fc414d7f5a2f4d412235832715e"},"headline":"#KeineWirtschaft\u00adOhneWir | Wir machen mit bei der Aktion &#8222;27% VON UNS&#8220; der DIHK","datePublished":"2024-10-02T13:24:11+00:00","dateModified":"2024-10-02T13:29:24+00:00","mainEntityOfPage":{"@id":"https:\/\/cebus-celle.de\/keinewirtschaftohnewir-wir-machen-mit-bei-der-aktion-27-von-uns-der-dihk\/"},"wordCount":121,"commentCount":0,"publisher":{"@id":"https:\/\/cebus-celle.de\/#organization"},"image":{"@id":"https:\/\/cebus-celle.de\/keinewirtschaftohnewir-wir-machen-mit-bei-der-aktion-27-von-uns-der-dihk\/#primaryimage"},"thumbnailUrl":"https:\/\/cebus-celle.de\/wp-content\/uploads\/header_karriere_home-3.png","articleSection":["News"],"inLanguage":"cs","potentialAction":[{"@type":"CommentAction","name":"Comment","target":["https:\/\/cebus-celle.de\/keinewirtschaftohnewir-wir-machen-mit-bei-der-aktion-27-von-uns-der-dihk\/#respond"]}]},{"@type":"WebPage","@id":"https:\/\/cebus-celle.de\/keinewirtschaftohnewir-wir-machen-mit-bei-der-aktion-27-von-uns-der-dihk\/","url":"https:\/\/cebus-celle.de\/keinewirtschaftohnewir-wir-machen-mit-bei-der-aktion-27-von-uns-der-dihk\/","name":"#KeineWirtschaftOhneWir | \u00da\u010dastn\u00edme se kampan\u011b DIHK \"27% VON UNS\" - Cebus Celle","isPartOf":{"@id":"https:\/\/cebus-celle.de\/#website"},"primaryImageOfPage":{"@id":"https:\/\/cebus-celle.de\/keinewirtschaftohnewir-wir-machen-mit-bei-der-aktion-27-von-uns-der-dihk\/#primaryimage"},"image":{"@id":"https:\/\/cebus-celle.de\/keinewirtschaftohnewir-wir-machen-mit-bei-der-aktion-27-von-uns-der-dihk\/#primaryimage"},"thumbnailUrl":"https:\/\/cebus-celle.de\/wp-content\/uploads\/header_karriere_home-3.png","datePublished":"2024-10-02T13:24:11+00:00","dateModified":"2024-10-02T13:29:24+00:00","breadcrumb":{"@id":"https:\/\/cebus-celle.de\/keinewirtschaftohnewir-wir-machen-mit-bei-der-aktion-27-von-uns-der-dihk\/#breadcrumb"},"inLanguage":"cs","potentialAction":[{"@type":"ReadAction","target":["https:\/\/cebus-celle.de\/keinewirtschaftohnewir-wir-machen-mit-bei-der-aktion-27-von-uns-der-dihk\/"]}]},{"@type":"ImageObject","inLanguage":"cs","@id":"https:\/\/cebus-celle.de\/keinewirtschaftohnewir-wir-machen-mit-bei-der-aktion-27-von-uns-der-dihk\/#primaryimage","url":"https:\/\/cebus-celle.de\/wp-content\/uploads\/header_karriere_home-3.png","contentUrl":"https:\/\/cebus-celle.de\/wp-content\/uploads\/header_karriere_home-3.png","width":1921,"height":594},{"@type":"BreadcrumbList","@id":"https:\/\/cebus-celle.de\/keinewirtschaftohnewir-wir-machen-mit-bei-der-aktion-27-von-uns-der-dihk\/#breadcrumb","itemListElement":[{"@type":"ListItem","position":1,"name":"Startseite","item":"https:\/\/cebus-celle.de\/"},{"@type":"ListItem","position":2,"name":"#KeineWirtschaft\u00adOhneWir | Wir machen mit bei der Aktion &#8220;27% VON UNS&#8221; der DIHK"}]},{"@type":"WebSite","@id":"https:\/\/cebus-celle.de\/#website","url":"https:\/\/cebus-celle.de\/","name":"Cebus Celle","description":"","publisher":{"@id":"https:\/\/cebus-celle.de\/#organization"},"potentialAction":[{"@type":"SearchAction","target":{"@type":"EntryPoint","urlTemplate":"https:\/\/cebus-celle.de\/?s={search_term_string}"},"query-input":{"@type":"PropertyValueSpecification","valueRequired":true,"valueName":"search_term_string"}}],"inLanguage":"cs"},{"@type":"Organization","@id":"https:\/\/cebus-celle.de\/#organization","name":"Cebus Celle","url":"https:\/\/cebus-celle.de\/","logo":{"@type":"ImageObject","inLanguage":"cs","@id":"https:\/\/cebus-celle.de\/#\/schema\/logo\/image\/","url":"https:\/\/cebus-celle.de\/wp-content\/uploads\/logo-kvg.png","contentUrl":"https:\/\/cebus-celle.de\/wp-content\/uploads\/logo-kvg.png","width":171,"height":68,"caption":"Cebus Celle"},"image":{"@id":"https:\/\/cebus-celle.de\/#\/schema\/logo\/image\/"}},{"@type":"Person","@id":"https:\/\/cebus-celle.de\/#\/schema\/person\/a3569fc414d7f5a2f4d412235832715e","name":"sprager","image":{"@type":"ImageObject","inLanguage":"cs","@id":"https:\/\/secure.gravatar.com\/avatar\/c9f4904d5ee6846a305eba03c67dfde589dc71ebb212f17ea973f97cbdd5f980?s=96&d=mm&r=g","url":"https:\/\/secure.gravatar.com\/avatar\/c9f4904d5ee6846a305eba03c67dfde589dc71ebb212f17ea973f97cbdd5f980?s=96&d=mm&r=g","contentUrl":"https:\/\/secure.gravatar.com\/avatar\/c9f4904d5ee6846a305eba03c67dfde589dc71ebb212f17ea973f97cbdd5f980?s=96&d=mm&r=g","caption":"sprager"},"url":"https:\/\/cebus-celle.de\/cs\/author\/sprager\/"}]}},"_links":{"self":[{"href":"https:\/\/cebus-celle.de\/cs\/wp-json\/wp\/v2\/posts\/3059","targetHints":{"allow":["GET"]}}],"collection":[{"href":"https:\/\/cebus-celle.de\/cs\/wp-json\/wp\/v2\/posts"}],"about":[{"href":"https:\/\/cebus-celle.de\/cs\/wp-json\/wp\/v2\/types\/post"}],"author":[{"embeddable":true,"href":"https:\/\/cebus-celle.de\/cs\/wp-json\/wp\/v2\/users\/4"}],"replies":[{"embeddable":true,"href":"https:\/\/cebus-celle.de\/cs\/wp-json\/wp\/v2\/comments?post=3059"}],"version-history":[{"count":5,"href":"https:\/\/cebus-celle.de\/cs\/wp-json\/wp\/v2\/posts\/3059\/revisions"}],"predecessor-version":[{"id":3066,"href":"https:\/\/cebus-celle.de\/cs\/wp-json\/wp\/v2\/posts\/3059\/revisions\/3066"}],"wp:featuredmedia":[{"embeddable":true,"href":"https:\/\/cebus-celle.de\/cs\/wp-json\/wp\/v2\/media\/1375"}],"wp:attachment":[{"href":"https:\/\/cebus-celle.de\/cs\/wp-json\/wp\/v2\/media?parent=3059"}],"wp:term":[{"taxonomy":"category","embeddable":true,"href":"https:\/\/cebus-celle.de\/cs\/wp-json\/wp\/v2\/categories?post=3059"},{"taxonomy":"post_tag","embeddable":true,"href":"https:\/\/cebus-celle.de\/cs\/wp-json\/wp\/v2\/tags?post=3059"}],"curies":[{"name":"wp","href":"https:\/\/api.w.org\/{rel}","templated":true}]}}