{"id":6508,"date":"2026-09-03T10:33:28","date_gmt":"2026-09-03T08:33:28","guid":{"rendered":"https:\/\/cebus-celle.de\/?p=6508"},"modified":"2026-09-03T10:33:28","modified_gmt":"2026-09-03T08:33:28","slug":"linie-2-sperrung-in-scheuen-07-11-09-2026","status":"publish","type":"post","link":"https:\/\/cebus-celle.de\/es\/linie-2-sperrung-in-scheuen-07-11-09-2026\/","title":{"rendered":"Linie 2 | Sperrung in Scheuen: 07. &#8211; 11.09.2026"},"content":{"rendered":"<p>Aufgrund von Arbeiten an einem Feuerl\u00f6schbrunnen, im Zeitraum vom 7. bis 11. September 2026,\u00a0 in der Stra\u00dfe An der Lake in Scheuen kann die Haltestelle &#8222;Scheuen, An der Lake&#8220; nicht bedient werden.<\/p>\n<p>Fahrg\u00e4ste werden gebeten die Haltestelle &#8222;Scheuen, Arblohstra\u00dfe&#8220; zu nutzen.<\/p>","protected":false},"excerpt":{"rendered":"<p>Aufgrund von Arbeiten an einem Feuerl\u00f6schbrunnen, im Zeitraum vom 7. bis 11. September 2026,\u00a0 in der Stra\u00dfe An der Lake in Scheuen kann die Haltestelle &#8222;Scheuen, An der Lake&#8220; nicht bedient werden. Fahrg\u00e4ste werden gebeten die Haltestelle &#8222;Scheuen, Arblohstra\u00dfe&#8220; zu nutzen.<\/p>","protected":false},"author":4,"featured_media":4438,"comment_status":"open","ping_status":"open","sticky":false,"template":"","format":"standard","meta":{"footnotes":""},"categories":[33],"tags":[],"class_list":["post-6508","post","type-post","status-publish","format-standard","has-post-thumbnail","hentry","category-fahrplanabweichungen"],"yoast_head":"<!-- This site is optimized with the Yoast SEO plugin v28.3 - https:\/\/yoast.com\/product\/yoast-seo-wordpress\/ -->\n<title>Linie 2 | Sperrung in Scheuen: 07. - 11.09.2026 - Cebus Celle<\/title>\n<meta name=\"robots\" content=\"index, follow, max-snippet:-1, max-image-preview:large, max-video-preview:-1\" \/>\n<link rel=\"canonical\" href=\"https:\/\/cebus-celle.de\/es\/linie-2-sperrung-in-scheuen-07-11-09-2026\/\" \/>\n<meta property=\"og:locale\" content=\"es_ES\" \/>\n<meta property=\"og:type\" content=\"article\" \/>\n<meta property=\"og:title\" content=\"Linie 2 | Sperrung in Scheuen: 07. - 11.09.2026 - Cebus Celle\" \/>\n<meta property=\"og:description\" content=\"Aufgrund von Arbeiten an einem Feuerl\u00f6schbrunnen, im Zeitraum vom 7. bis 11. September 2026,\u00a0 in der Stra\u00dfe An der Lake in Scheuen kann die Haltestelle &#8222;Scheuen, An der Lake&#8220; nicht bedient werden. Fahrg\u00e4ste werden gebeten die Haltestelle &#8222;Scheuen, Arblohstra\u00dfe&#8220; zu nutzen.\" \/>\n<meta property=\"og:url\" content=\"https:\/\/cebus-celle.de\/es\/linie-2-sperrung-in-scheuen-07-11-09-2026\/\" \/>\n<meta property=\"og:site_name\" content=\"Cebus Celle\" \/>\n<meta property=\"article:published_time\" content=\"2026-09-03T08:33:28+00:00\" \/>\n<meta property=\"og:image\" content=\"https:\/\/cebus-celle.de\/wp-content\/uploads\/header-subsite_stoerungen-cebus.jpg\" \/>\n\t<meta property=\"og:image:width\" content=\"1920\" \/>\n\t<meta property=\"og:image:height\" content=\"640\" \/>\n\t<meta property=\"og:image:type\" content=\"image\/jpeg\" \/>\n<meta name=\"author\" content=\"sprager\" \/>\n<meta name=\"twitter:card\" content=\"summary_large_image\" \/>\n<meta name=\"twitter:label1\" content=\"Escrito por\" \/>\n\t<meta name=\"twitter:data1\" content=\"sprager\" \/>\n\t<meta name=\"twitter:label2\" content=\"Tiempo de lectura\" \/>\n\t<meta name=\"twitter:data2\" content=\"1 minuto\" \/>\n<script type=\"application\/ld+json\" class=\"yoast-schema-graph\">{\"@context\":\"https:\\\/\\\/schema.org\",\"@graph\":[{\"@type\":\"Article\",\"@id\":\"https:\\\/\\\/cebus-celle.de\\\/linie-2-sperrung-in-scheuen-07-11-09-2026\\\/#article\",\"isPartOf\":{\"@id\":\"https:\\\/\\\/cebus-celle.de\\\/linie-2-sperrung-in-scheuen-07-11-09-2026\\\/\"},\"author\":{\"name\":\"sprager\",\"@id\":\"https:\\\/\\\/cebus-celle.de\\\/#\\\/schema\\\/person\\\/2795ac9a3db362efb388f5d648e603ae\"},\"headline\":\"Linie 2 | Sperrung in Scheuen: 07. &#8211; 11.09.2026\",\"datePublished\":\"2026-09-03T08:33:28+00:00\",\"mainEntityOfPage\":{\"@id\":\"https:\\\/\\\/cebus-celle.de\\\/linie-2-sperrung-in-scheuen-07-11-09-2026\\\/\"},\"wordCount\":47,\"commentCount\":0,\"publisher\":{\"@id\":\"https:\\\/\\\/cebus-celle.de\\\/#organization\"},\"image\":{\"@id\":\"https:\\\/\\\/cebus-celle.de\\\/linie-2-sperrung-in-scheuen-07-11-09-2026\\\/#primaryimage\"},\"thumbnailUrl\":\"https:\\\/\\\/cebus-celle.de\\\/wp-content\\\/uploads\\\/header-subsite_stoerungen-cebus.jpg\",\"articleSection\":[\"Fahrplanabweichungen\"],\"inLanguage\":\"es\",\"potentialAction\":[{\"@type\":\"CommentAction\",\"name\":\"Comment\",\"target\":[\"https:\\\/\\\/cebus-celle.de\\\/linie-2-sperrung-in-scheuen-07-11-09-2026\\\/#respond\"]}]},{\"@type\":\"WebPage\",\"@id\":\"https:\\\/\\\/cebus-celle.de\\\/linie-2-sperrung-in-scheuen-07-11-09-2026\\\/\",\"url\":\"https:\\\/\\\/cebus-celle.de\\\/linie-2-sperrung-in-scheuen-07-11-09-2026\\\/\",\"name\":\"Linie 2 | Sperrung in Scheuen: 07. - 11.09.2026 - Cebus Celle\",\"isPartOf\":{\"@id\":\"https:\\\/\\\/cebus-celle.de\\\/#website\"},\"primaryImageOfPage\":{\"@id\":\"https:\\\/\\\/cebus-celle.de\\\/linie-2-sperrung-in-scheuen-07-11-09-2026\\\/#primaryimage\"},\"image\":{\"@id\":\"https:\\\/\\\/cebus-celle.de\\\/linie-2-sperrung-in-scheuen-07-11-09-2026\\\/#primaryimage\"},\"thumbnailUrl\":\"https:\\\/\\\/cebus-celle.de\\\/wp-content\\\/uploads\\\/header-subsite_stoerungen-cebus.jpg\",\"datePublished\":\"2026-09-03T08:33:28+00:00\",\"breadcrumb\":{\"@id\":\"https:\\\/\\\/cebus-celle.de\\\/linie-2-sperrung-in-scheuen-07-11-09-2026\\\/#breadcrumb\"},\"inLanguage\":\"es\",\"potentialAction\":[{\"@type\":\"ReadAction\",\"target\":[\"https:\\\/\\\/cebus-celle.de\\\/linie-2-sperrung-in-scheuen-07-11-09-2026\\\/\"]}]},{\"@type\":\"ImageObject\",\"inLanguage\":\"es\",\"@id\":\"https:\\\/\\\/cebus-celle.de\\\/linie-2-sperrung-in-scheuen-07-11-09-2026\\\/#primaryimage\",\"url\":\"https:\\\/\\\/cebus-celle.de\\\/wp-content\\\/uploads\\\/header-subsite_stoerungen-cebus.jpg\",\"contentUrl\":\"https:\\\/\\\/cebus-celle.de\\\/wp-content\\\/uploads\\\/header-subsite_stoerungen-cebus.jpg\",\"width\":1920,\"height\":640},{\"@type\":\"BreadcrumbList\",\"@id\":\"https:\\\/\\\/cebus-celle.de\\\/linie-2-sperrung-in-scheuen-07-11-09-2026\\\/#breadcrumb\",\"itemListElement\":[{\"@type\":\"ListItem\",\"position\":1,\"name\":\"Startseite\",\"item\":\"https:\\\/\\\/cebus-celle.de\\\/\"},{\"@type\":\"ListItem\",\"position\":2,\"name\":\"Linie 2 | Sperrung in Scheuen: 07. &#8211; 11.09.2026\"}]},{\"@type\":\"WebSite\",\"@id\":\"https:\\\/\\\/cebus-celle.de\\\/#website\",\"url\":\"https:\\\/\\\/cebus-celle.de\\\/\",\"name\":\"Cebus Celle\",\"description\":\"\",\"publisher\":{\"@id\":\"https:\\\/\\\/cebus-celle.de\\\/#organization\"},\"potentialAction\":[{\"@type\":\"SearchAction\",\"target\":{\"@type\":\"EntryPoint\",\"urlTemplate\":\"https:\\\/\\\/cebus-celle.de\\\/?s={search_term_string}\"},\"query-input\":{\"@type\":\"PropertyValueSpecification\",\"valueRequired\":true,\"valueName\":\"search_term_string\"}}],\"inLanguage\":\"es\"},{\"@type\":\"Organization\",\"@id\":\"https:\\\/\\\/cebus-celle.de\\\/#organization\",\"name\":\"Cebus Celle\",\"url\":\"https:\\\/\\\/cebus-celle.de\\\/\",\"logo\":{\"@type\":\"ImageObject\",\"inLanguage\":\"es\",\"@id\":\"https:\\\/\\\/cebus-celle.de\\\/#\\\/schema\\\/logo\\\/image\\\/\",\"url\":\"https:\\\/\\\/cebus-celle.de\\\/wp-content\\\/uploads\\\/logo-kvg.png\",\"contentUrl\":\"https:\\\/\\\/cebus-celle.de\\\/wp-content\\\/uploads\\\/logo-kvg.png\",\"width\":171,\"height\":68,\"caption\":\"Cebus Celle\"},\"image\":{\"@id\":\"https:\\\/\\\/cebus-celle.de\\\/#\\\/schema\\\/logo\\\/image\\\/\"}},{\"@type\":\"Person\",\"@id\":\"https:\\\/\\\/cebus-celle.de\\\/#\\\/schema\\\/person\\\/2795ac9a3db362efb388f5d648e603ae\",\"name\":\"sprager\",\"image\":{\"@type\":\"ImageObject\",\"inLanguage\":\"es\",\"@id\":\"https:\\\/\\\/secure.gravatar.com\\\/avatar\\\/c9f4904d5ee6846a305eba03c67dfde589dc71ebb212f17ea973f97cbdd5f980?s=96&d=mm&r=g\",\"url\":\"https:\\\/\\\/secure.gravatar.com\\\/avatar\\\/c9f4904d5ee6846a305eba03c67dfde589dc71ebb212f17ea973f97cbdd5f980?s=96&d=mm&r=g\",\"contentUrl\":\"https:\\\/\\\/secure.gravatar.com\\\/avatar\\\/c9f4904d5ee6846a305eba03c67dfde589dc71ebb212f17ea973f97cbdd5f980?s=96&d=mm&r=g\",\"caption\":\"sprager\"},\"url\":\"https:\\\/\\\/cebus-celle.de\\\/es\\\/author\\\/sprager\\\/\"}]}<\/script>\n<!-- \/ Yoast SEO plugin. -->","yoast_head_json":{"title":"Linie 2 | Sperrung in Scheuen: 07. - 11.09.2026 - Cebus Celle","robots":{"index":"index","follow":"follow","max-snippet":"max-snippet:-1","max-image-preview":"max-image-preview:large","max-video-preview":"max-video-preview:-1"},"canonical":"https:\/\/cebus-celle.de\/es\/linie-2-sperrung-in-scheuen-07-11-09-2026\/","og_locale":"es_ES","og_type":"article","og_title":"Linie 2 | Sperrung in Scheuen: 07. - 11.09.2026 - Cebus Celle","og_description":"Aufgrund von Arbeiten an einem Feuerl\u00f6schbrunnen, im Zeitraum vom 7. bis 11. September 2026,\u00a0 in der Stra\u00dfe An der Lake in Scheuen kann die Haltestelle &#8222;Scheuen, An der Lake&#8220; nicht bedient werden. Fahrg\u00e4ste werden gebeten die Haltestelle &#8222;Scheuen, Arblohstra\u00dfe&#8220; zu nutzen.","og_url":"https:\/\/cebus-celle.de\/es\/linie-2-sperrung-in-scheuen-07-11-09-2026\/","og_site_name":"Cebus Celle","article_published_time":"2026-09-03T08:33:28+00:00","og_image":[{"width":1920,"height":640,"url":"https:\/\/cebus-celle.de\/wp-content\/uploads\/header-subsite_stoerungen-cebus.jpg","type":"image\/jpeg"}],"author":"sprager","twitter_card":"summary_large_image","twitter_misc":{"Escrito por":"sprager","Tiempo de lectura":"1 minuto"},"schema":{"@context":"https:\/\/schema.org","@graph":[{"@type":"Article","@id":"https:\/\/cebus-celle.de\/linie-2-sperrung-in-scheuen-07-11-09-2026\/#article","isPartOf":{"@id":"https:\/\/cebus-celle.de\/linie-2-sperrung-in-scheuen-07-11-09-2026\/"},"author":{"name":"sprager","@id":"https:\/\/cebus-celle.de\/#\/schema\/person\/2795ac9a3db362efb388f5d648e603ae"},"headline":"Linie 2 | Sperrung in Scheuen: 07. &#8211; 11.09.2026","datePublished":"2026-09-03T08:33:28+00:00","mainEntityOfPage":{"@id":"https:\/\/cebus-celle.de\/linie-2-sperrung-in-scheuen-07-11-09-2026\/"},"wordCount":47,"commentCount":0,"publisher":{"@id":"https:\/\/cebus-celle.de\/#organization"},"image":{"@id":"https:\/\/cebus-celle.de\/linie-2-sperrung-in-scheuen-07-11-09-2026\/#primaryimage"},"thumbnailUrl":"https:\/\/cebus-celle.de\/wp-content\/uploads\/header-subsite_stoerungen-cebus.jpg","articleSection":["Fahrplanabweichungen"],"inLanguage":"es","potentialAction":[{"@type":"CommentAction","name":"Comment","target":["https:\/\/cebus-celle.de\/linie-2-sperrung-in-scheuen-07-11-09-2026\/#respond"]}]},{"@type":"WebPage","@id":"https:\/\/cebus-celle.de\/linie-2-sperrung-in-scheuen-07-11-09-2026\/","url":"https:\/\/cebus-celle.de\/linie-2-sperrung-in-scheuen-07-11-09-2026\/","name":"Linie 2 | Sperrung in Scheuen: 07. - 11.09.2026 - Cebus Celle","isPartOf":{"@id":"https:\/\/cebus-celle.de\/#website"},"primaryImageOfPage":{"@id":"https:\/\/cebus-celle.de\/linie-2-sperrung-in-scheuen-07-11-09-2026\/#primaryimage"},"image":{"@id":"https:\/\/cebus-celle.de\/linie-2-sperrung-in-scheuen-07-11-09-2026\/#primaryimage"},"thumbnailUrl":"https:\/\/cebus-celle.de\/wp-content\/uploads\/header-subsite_stoerungen-cebus.jpg","datePublished":"2026-09-03T08:33:28+00:00","breadcrumb":{"@id":"https:\/\/cebus-celle.de\/linie-2-sperrung-in-scheuen-07-11-09-2026\/#breadcrumb"},"inLanguage":"es","potentialAction":[{"@type":"ReadAction","target":["https:\/\/cebus-celle.de\/linie-2-sperrung-in-scheuen-07-11-09-2026\/"]}]},{"@type":"ImageObject","inLanguage":"es","@id":"https:\/\/cebus-celle.de\/linie-2-sperrung-in-scheuen-07-11-09-2026\/#primaryimage","url":"https:\/\/cebus-celle.de\/wp-content\/uploads\/header-subsite_stoerungen-cebus.jpg","contentUrl":"https:\/\/cebus-celle.de\/wp-content\/uploads\/header-subsite_stoerungen-cebus.jpg","width":1920,"height":640},{"@type":"BreadcrumbList","@id":"https:\/\/cebus-celle.de\/linie-2-sperrung-in-scheuen-07-11-09-2026\/#breadcrumb","itemListElement":[{"@type":"ListItem","position":1,"name":"Startseite","item":"https:\/\/cebus-celle.de\/"},{"@type":"ListItem","position":2,"name":"Linie 2 | Sperrung in Scheuen: 07. &#8211; 11.09.2026"}]},{"@type":"WebSite","@id":"https:\/\/cebus-celle.de\/#website","url":"https:\/\/cebus-celle.de\/","name":"Cebus Celle","description":"","publisher":{"@id":"https:\/\/cebus-celle.de\/#organization"},"potentialAction":[{"@type":"SearchAction","target":{"@type":"EntryPoint","urlTemplate":"https:\/\/cebus-celle.de\/?s={search_term_string}"},"query-input":{"@type":"PropertyValueSpecification","valueRequired":true,"valueName":"search_term_string"}}],"inLanguage":"es"},{"@type":"Organization","@id":"https:\/\/cebus-celle.de\/#organization","name":"Cebus Celle","url":"https:\/\/cebus-celle.de\/","logo":{"@type":"ImageObject","inLanguage":"es","@id":"https:\/\/cebus-celle.de\/#\/schema\/logo\/image\/","url":"https:\/\/cebus-celle.de\/wp-content\/uploads\/logo-kvg.png","contentUrl":"https:\/\/cebus-celle.de\/wp-content\/uploads\/logo-kvg.png","width":171,"height":68,"caption":"Cebus Celle"},"image":{"@id":"https:\/\/cebus-celle.de\/#\/schema\/logo\/image\/"}},{"@type":"Person","@id":"https:\/\/cebus-celle.de\/#\/schema\/person\/2795ac9a3db362efb388f5d648e603ae","name":"sprager","image":{"@type":"ImageObject","inLanguage":"es","@id":"https:\/\/secure.gravatar.com\/avatar\/c9f4904d5ee6846a305eba03c67dfde589dc71ebb212f17ea973f97cbdd5f980?s=96&d=mm&r=g","url":"https:\/\/secure.gravatar.com\/avatar\/c9f4904d5ee6846a305eba03c67dfde589dc71ebb212f17ea973f97cbdd5f980?s=96&d=mm&r=g","contentUrl":"https:\/\/secure.gravatar.com\/avatar\/c9f4904d5ee6846a305eba03c67dfde589dc71ebb212f17ea973f97cbdd5f980?s=96&d=mm&r=g","caption":"sprager"},"url":"https:\/\/cebus-celle.de\/es\/author\/sprager\/"}]}},"_links":{"self":[{"href":"https:\/\/cebus-celle.de\/es\/wp-json\/wp\/v2\/posts\/6508","targetHints":{"allow":["GET"]}}],"collection":[{"href":"https:\/\/cebus-celle.de\/es\/wp-json\/wp\/v2\/posts"}],"about":[{"href":"https:\/\/cebus-celle.de\/es\/wp-json\/wp\/v2\/types\/post"}],"author":[{"embeddable":true,"href":"https:\/\/cebus-celle.de\/es\/wp-json\/wp\/v2\/users\/4"}],"replies":[{"embeddable":true,"href":"https:\/\/cebus-celle.de\/es\/wp-json\/wp\/v2\/comments?post=6508"}],"version-history":[{"count":1,"href":"https:\/\/cebus-celle.de\/es\/wp-json\/wp\/v2\/posts\/6508\/revisions"}],"predecessor-version":[{"id":6509,"href":"https:\/\/cebus-celle.de\/es\/wp-json\/wp\/v2\/posts\/6508\/revisions\/6509"}],"wp:featuredmedia":[{"embeddable":true,"href":"https:\/\/cebus-celle.de\/es\/wp-json\/wp\/v2\/media\/4438"}],"wp:attachment":[{"href":"https:\/\/cebus-celle.de\/es\/wp-json\/wp\/v2\/media?parent=6508"}],"wp:term":[{"taxonomy":"category","embeddable":true,"href":"https:\/\/cebus-celle.de\/es\/wp-json\/wp\/v2\/categories?post=6508"},{"taxonomy":"post_tag","embeddable":true,"href":"https:\/\/cebus-celle.de\/es\/wp-json\/wp\/v2\/tags?post=6508"}],"curies":[{"name":"wp","href":"https:\/\/api.w.org\/{rel}","templated":true}]}}