{"id":349,"date":"2023-07-10T15:18:35","date_gmt":"2023-07-10T13:18:35","guid":{"rendered":"https:\/\/cebus-celle.de\/?p=349"},"modified":"2023-08-24T13:45:11","modified_gmt":"2023-08-24T11:45:11","slug":"bilety-komunikacja-miejska-bilety-okresowe-i-bilety-okresowe-2","status":"publish","type":"post","link":"https:\/\/cebus-celle.de\/pl\/tickets-stadtverkehr-zeitkarten-und-abos\/","title":{"rendered":"Bilety: Transport miejski (bilety okresowe i karnety)"},"content":{"rendered":"<div data-elementor-type=\"wp-post\" data-elementor-id=\"349\" class=\"elementor elementor-349\" data-elementor-post-type=\"post\">\n\t\t\t\t\t\t<section class=\"elementor-section elementor-top-section elementor-element elementor-element-730187a elementor-section-boxed elementor-section-height-default elementor-section-height-default wpr-particle-no wpr-jarallax-no wpr-parallax-no wpr-sticky-section-no wpr-equal-height-no\" data-id=\"730187a\" data-element_type=\"section\" data-e-type=\"section\">\n\t\t\t\t\t\t<div class=\"elementor-container elementor-column-gap-default\">\n\t\t\t\t\t<div class=\"elementor-column elementor-col-50 elementor-top-column elementor-element elementor-element-c4e4ded\" data-id=\"c4e4ded\" data-element_type=\"column\" data-e-type=\"column\">\n\t\t\t<div class=\"elementor-widget-wrap elementor-element-populated\">\n\t\t\t\t\t\t<div class=\"elementor-element elementor-element-c6f9464 elementor-widget elementor-widget-html\" data-id=\"c6f9464\" data-element_type=\"widget\" data-e-type=\"widget\" data-widget_type=\"html.default\">\n\t\t\t\t<div class=\"elementor-widget-container\">\n\t\t\t\t\t\n<table id=\"tablepress-3\" class=\"tablepress tablepress-id-3\">\n<tbody class=\"row-striping row-hover\">\n<tr class=\"row-1\">\n\t<td class=\"column-1\">Bilet tygodniowy dla doros\u0142ych (WOK)<\/td><td class=\"column-2\">18,80<\/td>\n<\/tr>\n<tr class=\"row-2\">\n\t<td class=\"column-1\">Bilet tygodniowy dla uczni\u00f3w\/przedszkolak\u00f3w (SWOK)<\/td><td class=\"column-2\">14,10<\/td>\n<\/tr>\n<tr class=\"row-3\">\n\t<td class=\"column-1\">Miesi\u0119czny bilet okresowy dla doros\u0142ych (MON)<\/td><td class=\"column-2\">58,30<\/td>\n<\/tr>\n<tr class=\"row-4\">\n\t<td class=\"column-1\">Miesi\u0119czny bilet okresowy dla senior\u00f3w (MON)<\/td><td class=\"column-2\">55,70<\/td>\n<\/tr>\n<tr class=\"row-5\">\n\t<td class=\"column-1\">Bilet miesi\u0119czny dla uczni\u00f3w\/przedszkolak\u00f3w (SMON)<\/td><td class=\"column-2\">43,50<\/td>\n<\/tr>\n<tr class=\"row-6\">\n\t<td class=\"column-1\">Bilet \u0142\u0105czony GVH doro\u015bli<\/td><td class=\"column-2\">46,60<\/td>\n<\/tr>\n<tr class=\"row-7\">\n\t<td class=\"column-1\">Bilet \u0142\u0105czony GVH Seniorzy<\/td><td class=\"column-2\">44,50<\/td>\n<\/tr>\n<tr class=\"row-8\">\n\t<td class=\"column-1\">Bilet \u0142\u0105czony Uczniowie GVH<\/td><td class=\"column-2\">34,70<\/td>\n<\/tr>\n<tr class=\"row-9\">\n\t<td class=\"column-1\">Karnet miesi\u0119czny 25% Subskrypcja roczna dla doros\u0142ych<\/td><td class=\"column-2\">43,70<\/td>\n<\/tr>\n<tr class=\"row-10\">\n\t<td class=\"column-1\">Karta kom\u00f3rkowa (subskrypcja)<\/td><td class=\"column-2\">44,20<\/td>\n<\/tr>\n<tr class=\"row-11\">\n\t<td class=\"column-1\">Karta seniora (subskrypcja)<\/td><td class=\"column-2\">38,90<\/td>\n<\/tr>\n<tr class=\"row-12\">\n\t<td class=\"column-1\">Subskrypcja pracy (miasto Celle)<\/td><td class=\"column-2\">40,00<\/td>\n<\/tr>\n<tr class=\"row-13\">\n\t<td class=\"column-1\">Bilet do Niemiec<\/td><td class=\"column-2\">49,00<\/td>\n<\/tr>\n<\/tbody>\n<\/table>\n<!-- #tablepress-3 from cache -->\t\t\t\t<\/div>\n\t\t\t\t<\/div>\n\t\t\t\t\t<\/div>\n\t\t<\/div>\n\t\t\t\t<div class=\"elementor-column elementor-col-50 elementor-top-column elementor-element elementor-element-ade4b0e\" data-id=\"ade4b0e\" data-element_type=\"column\" data-e-type=\"column\">\n\t\t\t<div class=\"elementor-widget-wrap\">\n\t\t\t\t\t\t\t<\/div>\n\t\t<\/div>\n\t\t\t\t\t<\/div>\n\t\t<\/section>\n\t\t\t\t<section class=\"elementor-section elementor-top-section elementor-element elementor-element-3d6d620 elementor-section-boxed elementor-section-height-default elementor-section-height-default wpr-particle-no wpr-jarallax-no wpr-parallax-no wpr-sticky-section-no wpr-equal-height-no\" data-id=\"3d6d620\" data-element_type=\"section\" data-e-type=\"section\">\n\t\t\t\t\t\t<div class=\"elementor-container elementor-column-gap-default\">\n\t\t\t\t\t<div class=\"elementor-column elementor-col-100 elementor-top-column elementor-element elementor-element-77ffc78\" data-id=\"77ffc78\" data-element_type=\"column\" data-e-type=\"column\">\n\t\t\t<div class=\"elementor-widget-wrap elementor-element-populated\">\n\t\t\t\t\t\t<div class=\"elementor-element elementor-element-aca36bb elementor-widget elementor-widget-text-editor\" data-id=\"aca36bb\" data-element_type=\"widget\" data-e-type=\"widget\" data-widget_type=\"text-editor.default\">\n\t\t\t\t<div class=\"elementor-widget-container\">\n\t\t\t\t\t\t\t\t\t<h6>(Ceny w euro, na dzie\u0144 01\/01\/2023)<\/h6>\t\t\t\t\t\t\t\t<\/div>\n\t\t\t\t<\/div>\n\t\t\t\t\t<\/div>\n\t\t<\/div>\n\t\t\t\t\t<\/div>\n\t\t<\/section>\n\t\t\t\t<\/div>","protected":false},"excerpt":{"rendered":"<p>(Ceny w euro, na dzie\u0144 01\/01\/2023)<\/p>","protected":false},"author":4,"featured_media":0,"comment_status":"open","ping_status":"open","sticky":false,"template":"","format":"standard","meta":{"footnotes":""},"categories":[37],"tags":[],"class_list":["post-349","post","type-post","status-publish","format-standard","hentry","category-websiteinhalte"],"yoast_head":"<!-- This site is optimized with the Yoast SEO plugin v27.4 - https:\/\/yoast.com\/product\/yoast-seo-wordpress\/ -->\n<title>Tickets: Stadtverkehr (Zeitkarten und Abos) - Cebus Celle<\/title>\n<meta name=\"robots\" content=\"index, follow, max-snippet:-1, max-image-preview:large, max-video-preview:-1\" \/>\n<link rel=\"canonical\" href=\"https:\/\/cebus-celle.de\/pl\/bilety-komunikacja-miejska-bilety-okresowe-i-bilety-okresowe-2\/\" \/>\n<meta property=\"og:locale\" content=\"pl_PL\" \/>\n<meta property=\"og:type\" content=\"article\" \/>\n<meta property=\"og:title\" content=\"Tickets: Stadtverkehr (Zeitkarten und Abos) - Cebus Celle\" \/>\n<meta property=\"og:description\" content=\"(Preise in Euro, Stand: 01.01.2023)\" \/>\n<meta property=\"og:url\" content=\"https:\/\/cebus-celle.de\/pl\/bilety-komunikacja-miejska-bilety-okresowe-i-bilety-okresowe-2\/\" \/>\n<meta property=\"og:site_name\" content=\"Cebus Celle\" \/>\n<meta property=\"article:published_time\" content=\"2023-07-10T13:18:35+00:00\" \/>\n<meta property=\"article:modified_time\" content=\"2023-08-24T11:45:11+00:00\" \/>\n<meta name=\"author\" content=\"sprager\" \/>\n<meta name=\"twitter:card\" content=\"summary_large_image\" \/>\n<meta name=\"twitter:label1\" content=\"Napisane przez\" \/>\n\t<meta name=\"twitter:data1\" content=\"sprager\" \/>\n\t<meta name=\"twitter:label2\" content=\"Szacowany czas czytania\" \/>\n\t<meta name=\"twitter:data2\" content=\"1 minuta\" \/>\n<script type=\"application\/ld+json\" class=\"yoast-schema-graph\">{\"@context\":\"https:\\\/\\\/schema.org\",\"@graph\":[{\"@type\":\"Article\",\"@id\":\"https:\\\/\\\/cebus-celle.de\\\/tickets-stadtverkehr-zeitkarten-und-abos\\\/#article\",\"isPartOf\":{\"@id\":\"https:\\\/\\\/cebus-celle.de\\\/tickets-stadtverkehr-zeitkarten-und-abos\\\/\"},\"author\":{\"name\":\"sprager\",\"@id\":\"https:\\\/\\\/cebus-celle.de\\\/#\\\/schema\\\/person\\\/a3569fc414d7f5a2f4d412235832715e\"},\"headline\":\"Tickets: Stadtverkehr (Zeitkarten und Abos)\",\"datePublished\":\"2023-07-10T13:18:35+00:00\",\"dateModified\":\"2023-08-24T11:45:11+00:00\",\"mainEntityOfPage\":{\"@id\":\"https:\\\/\\\/cebus-celle.de\\\/tickets-stadtverkehr-zeitkarten-und-abos\\\/\"},\"wordCount\":11,\"commentCount\":0,\"publisher\":{\"@id\":\"https:\\\/\\\/cebus-celle.de\\\/#organization\"},\"articleSection\":[\"Websiteinhalte\"],\"inLanguage\":\"pl-PL\",\"potentialAction\":[{\"@type\":\"CommentAction\",\"name\":\"Comment\",\"target\":[\"https:\\\/\\\/cebus-celle.de\\\/tickets-stadtverkehr-zeitkarten-und-abos\\\/#respond\"]}]},{\"@type\":\"WebPage\",\"@id\":\"https:\\\/\\\/cebus-celle.de\\\/tickets-stadtverkehr-zeitkarten-und-abos\\\/\",\"url\":\"https:\\\/\\\/cebus-celle.de\\\/tickets-stadtverkehr-zeitkarten-und-abos\\\/\",\"name\":\"Tickets: Stadtverkehr (Zeitkarten und Abos) - Cebus Celle\",\"isPartOf\":{\"@id\":\"https:\\\/\\\/cebus-celle.de\\\/#website\"},\"datePublished\":\"2023-07-10T13:18:35+00:00\",\"dateModified\":\"2023-08-24T11:45:11+00:00\",\"breadcrumb\":{\"@id\":\"https:\\\/\\\/cebus-celle.de\\\/tickets-stadtverkehr-zeitkarten-und-abos\\\/#breadcrumb\"},\"inLanguage\":\"pl-PL\",\"potentialAction\":[{\"@type\":\"ReadAction\",\"target\":[\"https:\\\/\\\/cebus-celle.de\\\/tickets-stadtverkehr-zeitkarten-und-abos\\\/\"]}]},{\"@type\":\"BreadcrumbList\",\"@id\":\"https:\\\/\\\/cebus-celle.de\\\/tickets-stadtverkehr-zeitkarten-und-abos\\\/#breadcrumb\",\"itemListElement\":[{\"@type\":\"ListItem\",\"position\":1,\"name\":\"Startseite\",\"item\":\"https:\\\/\\\/cebus-celle.de\\\/\"},{\"@type\":\"ListItem\",\"position\":2,\"name\":\"Tickets: Stadtverkehr (Zeitkarten und Abos)\"}]},{\"@type\":\"WebSite\",\"@id\":\"https:\\\/\\\/cebus-celle.de\\\/#website\",\"url\":\"https:\\\/\\\/cebus-celle.de\\\/\",\"name\":\"Cebus Celle\",\"description\":\"\",\"publisher\":{\"@id\":\"https:\\\/\\\/cebus-celle.de\\\/#organization\"},\"potentialAction\":[{\"@type\":\"SearchAction\",\"target\":{\"@type\":\"EntryPoint\",\"urlTemplate\":\"https:\\\/\\\/cebus-celle.de\\\/?s={search_term_string}\"},\"query-input\":{\"@type\":\"PropertyValueSpecification\",\"valueRequired\":true,\"valueName\":\"search_term_string\"}}],\"inLanguage\":\"pl-PL\"},{\"@type\":\"Organization\",\"@id\":\"https:\\\/\\\/cebus-celle.de\\\/#organization\",\"name\":\"Cebus Celle\",\"url\":\"https:\\\/\\\/cebus-celle.de\\\/\",\"logo\":{\"@type\":\"ImageObject\",\"inLanguage\":\"pl-PL\",\"@id\":\"https:\\\/\\\/cebus-celle.de\\\/#\\\/schema\\\/logo\\\/image\\\/\",\"url\":\"https:\\\/\\\/cebus-celle.de\\\/wp-content\\\/uploads\\\/logo-kvg.png\",\"contentUrl\":\"https:\\\/\\\/cebus-celle.de\\\/wp-content\\\/uploads\\\/logo-kvg.png\",\"width\":171,\"height\":68,\"caption\":\"Cebus Celle\"},\"image\":{\"@id\":\"https:\\\/\\\/cebus-celle.de\\\/#\\\/schema\\\/logo\\\/image\\\/\"}},{\"@type\":\"Person\",\"@id\":\"https:\\\/\\\/cebus-celle.de\\\/#\\\/schema\\\/person\\\/a3569fc414d7f5a2f4d412235832715e\",\"name\":\"sprager\",\"image\":{\"@type\":\"ImageObject\",\"inLanguage\":\"pl-PL\",\"@id\":\"https:\\\/\\\/secure.gravatar.com\\\/avatar\\\/c9f4904d5ee6846a305eba03c67dfde589dc71ebb212f17ea973f97cbdd5f980?s=96&d=mm&r=g\",\"url\":\"https:\\\/\\\/secure.gravatar.com\\\/avatar\\\/c9f4904d5ee6846a305eba03c67dfde589dc71ebb212f17ea973f97cbdd5f980?s=96&d=mm&r=g\",\"contentUrl\":\"https:\\\/\\\/secure.gravatar.com\\\/avatar\\\/c9f4904d5ee6846a305eba03c67dfde589dc71ebb212f17ea973f97cbdd5f980?s=96&d=mm&r=g\",\"caption\":\"sprager\"},\"url\":\"https:\\\/\\\/cebus-celle.de\\\/pl\\\/author\\\/sprager\\\/\"}]}<\/script>\n<!-- \/ Yoast SEO plugin. -->","yoast_head_json":{"title":"Bilety: Transport miejski (bilety okresowe i bilety okresowe) - Cebus Celle","robots":{"index":"index","follow":"follow","max-snippet":"max-snippet:-1","max-image-preview":"max-image-preview:large","max-video-preview":"max-video-preview:-1"},"canonical":"https:\/\/cebus-celle.de\/pl\/bilety-komunikacja-miejska-bilety-okresowe-i-bilety-okresowe-2\/","og_locale":"pl_PL","og_type":"article","og_title":"Tickets: Stadtverkehr (Zeitkarten und Abos) - Cebus Celle","og_description":"(Preise in Euro, Stand: 01.01.2023)","og_url":"https:\/\/cebus-celle.de\/pl\/bilety-komunikacja-miejska-bilety-okresowe-i-bilety-okresowe-2\/","og_site_name":"Cebus Celle","article_published_time":"2023-07-10T13:18:35+00:00","article_modified_time":"2023-08-24T11:45:11+00:00","author":"sprager","twitter_card":"summary_large_image","twitter_misc":{"Napisane przez":"sprager","Szacowany czas czytania":"1 minuta"},"schema":{"@context":"https:\/\/schema.org","@graph":[{"@type":"Article","@id":"https:\/\/cebus-celle.de\/tickets-stadtverkehr-zeitkarten-und-abos\/#article","isPartOf":{"@id":"https:\/\/cebus-celle.de\/tickets-stadtverkehr-zeitkarten-und-abos\/"},"author":{"name":"sprager","@id":"https:\/\/cebus-celle.de\/#\/schema\/person\/a3569fc414d7f5a2f4d412235832715e"},"headline":"Tickets: Stadtverkehr (Zeitkarten und Abos)","datePublished":"2023-07-10T13:18:35+00:00","dateModified":"2023-08-24T11:45:11+00:00","mainEntityOfPage":{"@id":"https:\/\/cebus-celle.de\/tickets-stadtverkehr-zeitkarten-und-abos\/"},"wordCount":11,"commentCount":0,"publisher":{"@id":"https:\/\/cebus-celle.de\/#organization"},"articleSection":["Websiteinhalte"],"inLanguage":"pl-PL","potentialAction":[{"@type":"CommentAction","name":"Comment","target":["https:\/\/cebus-celle.de\/tickets-stadtverkehr-zeitkarten-und-abos\/#respond"]}]},{"@type":"WebPage","@id":"https:\/\/cebus-celle.de\/tickets-stadtverkehr-zeitkarten-und-abos\/","url":"https:\/\/cebus-celle.de\/tickets-stadtverkehr-zeitkarten-und-abos\/","name":"Bilety: Transport miejski (bilety okresowe i bilety okresowe) - Cebus Celle","isPartOf":{"@id":"https:\/\/cebus-celle.de\/#website"},"datePublished":"2023-07-10T13:18:35+00:00","dateModified":"2023-08-24T11:45:11+00:00","breadcrumb":{"@id":"https:\/\/cebus-celle.de\/tickets-stadtverkehr-zeitkarten-und-abos\/#breadcrumb"},"inLanguage":"pl-PL","potentialAction":[{"@type":"ReadAction","target":["https:\/\/cebus-celle.de\/tickets-stadtverkehr-zeitkarten-und-abos\/"]}]},{"@type":"BreadcrumbList","@id":"https:\/\/cebus-celle.de\/tickets-stadtverkehr-zeitkarten-und-abos\/#breadcrumb","itemListElement":[{"@type":"ListItem","position":1,"name":"Startseite","item":"https:\/\/cebus-celle.de\/"},{"@type":"ListItem","position":2,"name":"Tickets: Stadtverkehr (Zeitkarten und Abos)"}]},{"@type":"WebSite","@id":"https:\/\/cebus-celle.de\/#website","url":"https:\/\/cebus-celle.de\/","name":"Cebus Celle","description":"","publisher":{"@id":"https:\/\/cebus-celle.de\/#organization"},"potentialAction":[{"@type":"SearchAction","target":{"@type":"EntryPoint","urlTemplate":"https:\/\/cebus-celle.de\/?s={search_term_string}"},"query-input":{"@type":"PropertyValueSpecification","valueRequired":true,"valueName":"search_term_string"}}],"inLanguage":"pl-PL"},{"@type":"Organization","@id":"https:\/\/cebus-celle.de\/#organization","name":"Cebus Celle","url":"https:\/\/cebus-celle.de\/","logo":{"@type":"ImageObject","inLanguage":"pl-PL","@id":"https:\/\/cebus-celle.de\/#\/schema\/logo\/image\/","url":"https:\/\/cebus-celle.de\/wp-content\/uploads\/logo-kvg.png","contentUrl":"https:\/\/cebus-celle.de\/wp-content\/uploads\/logo-kvg.png","width":171,"height":68,"caption":"Cebus Celle"},"image":{"@id":"https:\/\/cebus-celle.de\/#\/schema\/logo\/image\/"}},{"@type":"Person","@id":"https:\/\/cebus-celle.de\/#\/schema\/person\/a3569fc414d7f5a2f4d412235832715e","name":"sprager","image":{"@type":"ImageObject","inLanguage":"pl-PL","@id":"https:\/\/secure.gravatar.com\/avatar\/c9f4904d5ee6846a305eba03c67dfde589dc71ebb212f17ea973f97cbdd5f980?s=96&d=mm&r=g","url":"https:\/\/secure.gravatar.com\/avatar\/c9f4904d5ee6846a305eba03c67dfde589dc71ebb212f17ea973f97cbdd5f980?s=96&d=mm&r=g","contentUrl":"https:\/\/secure.gravatar.com\/avatar\/c9f4904d5ee6846a305eba03c67dfde589dc71ebb212f17ea973f97cbdd5f980?s=96&d=mm&r=g","caption":"sprager"},"url":"https:\/\/cebus-celle.de\/pl\/author\/sprager\/"}]}},"_links":{"self":[{"href":"https:\/\/cebus-celle.de\/pl\/wp-json\/wp\/v2\/posts\/349","targetHints":{"allow":["GET"]}}],"collection":[{"href":"https:\/\/cebus-celle.de\/pl\/wp-json\/wp\/v2\/posts"}],"about":[{"href":"https:\/\/cebus-celle.de\/pl\/wp-json\/wp\/v2\/types\/post"}],"author":[{"embeddable":true,"href":"https:\/\/cebus-celle.de\/pl\/wp-json\/wp\/v2\/users\/4"}],"replies":[{"embeddable":true,"href":"https:\/\/cebus-celle.de\/pl\/wp-json\/wp\/v2\/comments?post=349"}],"version-history":[{"count":0,"href":"https:\/\/cebus-celle.de\/pl\/wp-json\/wp\/v2\/posts\/349\/revisions"}],"wp:attachment":[{"href":"https:\/\/cebus-celle.de\/pl\/wp-json\/wp\/v2\/media?parent=349"}],"wp:term":[{"taxonomy":"category","embeddable":true,"href":"https:\/\/cebus-celle.de\/pl\/wp-json\/wp\/v2\/categories?post=349"},{"taxonomy":"post_tag","embeddable":true,"href":"https:\/\/cebus-celle.de\/pl\/wp-json\/wp\/v2\/tags?post=349"}],"curies":[{"name":"wp","href":"https:\/\/api.w.org\/{rel}","templated":true}]}}