{"id":6501,"date":"2026-09-02T13:46:14","date_gmt":"2026-09-02T11:46:14","guid":{"rendered":"https:\/\/cebus-celle.de\/?p=6501"},"modified":"2026-09-02T13:48:07","modified_gmt":"2026-09-02T11:48:07","slug":"linien-7-460-800-910-kleine-fahrplananpassungen-zum-07-09-2026","status":"publish","type":"post","link":"https:\/\/cebus-celle.de\/pl\/linien-7-460-800-910-kleine-fahrplananpassungen-zum-07-09-2026\/","title":{"rendered":"Linien 7 &#8211; 460 &#8211; 800 &#8211; 910 | Kleine Fahrplananpassungen zum 07.09.2026"},"content":{"rendered":"<p>Zur Optimierung der Sch\u00fclerbef\u00f6rderung sind bei den Linien 7 &#8211; 460 &#8211; 800 und 910 kleine Fahrplananpassungen ab Montag, 7. September 2026 erforderlich:<\/p>\n<p><strong>Linie 7<\/strong><\/p>\n<p>Fahrt um 7.35 Uhr ab Celle, Schlossplatz Richtung Blumlage<\/p>\n<ul>\n<li>Um die Grundschule Blumlage zu erreichen, verl\u00e4uft der Fahrweg \u00fcber die Blumlage<\/li>\n<\/ul>\n<p><strong>Linie 460<\/strong><\/p>\n<p>Fahrt um 7.39 Uhr ab Beedenbostel, Siedlung in Richtung Eldingen<\/p>\n<ul>\n<li>Fahrt beginnt neu um 7.31 Uhr an der OBS Lachendorf &#8211; Beedenbostel, Siedlung wird weiterhin um 7.39 Uhr bedient<\/li>\n<\/ul>\n<p>Fahrt um 14.01 Uhr ab Steinhorst, Ortsmitte Richtung Lachendorf<\/p>\n<ul>\n<li>Fahrt erfolgt an Schultagen k\u00fcnftig um 14.10 Uhr &#8211; Bargfeld und Heese werden nicht bedient<\/li>\n<li>An Ferientagen erfolgt die Fahrt weiterhin um 14.01 Uhr<\/li>\n<\/ul>\n<p><strong>Linie 800<\/strong><\/p>\n<p>Fahrt um 6.39 Uhr ab Wietze, Wieckenberger Weg Richtung Altenhagen, Schule<\/p>\n<ul>\n<li>K\u00fcnftig werden die Haltestellen in Hamb\u00fchren II bedient (mit Ausnahme B214\/Ostlandstra\u00dfe, Schlochauer Str., Allensteiner Str. und Wacholderweg)<\/li>\n<\/ul>\n<p>Fahrt um 16.56 Uhr ab Wietze, Alter Bahnhof Richtung Celle<\/p>\n<ul>\n<li>Startet an Schultagen um 17.05 Uhr um der Sch\u00fclerbef\u00f6rderung des H\u00f6lty Hamb\u00fchren gerecht zu werden<\/li>\n<\/ul>\n<p><strong>Linie 910<\/strong><\/p>\n<p>Fahrt um 8.59 Uhr ab Winsen, K\u00fcsterdamm Richtung Ovelg\u00f6nne<\/p>\n<ul>\n<li>Die Haltestelle Ovelg\u00f6nne, B214\/Wiesenweg wird zus\u00e4tzlich bedient<\/li>\n<\/ul>\n<p>Die neuen Fahrpl\u00e4ne findest du <a href=\"https:\/\/cebus-celle.de\/pl\/plany-jazdy-2\/plany-jazdy-2\/\" target=\"_blank\" rel=\"noopener\">tutaj<\/a><\/p>","protected":false},"excerpt":{"rendered":"<p>Zur Optimierung der Sch\u00fclerbef\u00f6rderung sind bei den Linien 7 &#8211; 460 &#8211; 800 und 910 kleine Fahrplananpassungen ab Montag, 7. September 2026 erforderlich: Linie 7 Fahrt um 7.35 Uhr ab Celle, Schlossplatz Richtung Blumlage Um die Grundschule Blumlage zu erreichen, verl\u00e4uft der Fahrweg \u00fcber die Blumlage Linie 460 Fahrt um 7.39 Uhr ab Beedenbostel, Siedlung in Richtung Eldingen Fahrt beginnt neu um 7.31 Uhr an der OBS Lachendorf &#8211; Beedenbostel, Siedlung wird weiterhin um 7.39 Uhr bedient Fahrt um 14.01 Uhr ab Steinhorst, Ortsmitte Richtung Lachendorf Fahrt erfolgt an Schultagen k\u00fcnftig um 14.10 Uhr &#8211; Bargfeld und Heese werden nicht bedient An Ferientagen erfolgt die Fahrt weiterhin um 14.01 Uhr Linie 800 Fahrt um 6.39 Uhr ab Wietze, Wieckenberger Weg Richtung Altenhagen, Schule K\u00fcnftig werden die Haltestellen in Hamb\u00fchren II bedient (mit Ausnahme B214\/Ostlandstra\u00dfe, Schlochauer Str., Allensteiner Str. und Wacholderweg) Fahrt um 16.56 Uhr ab Wietze, Alter Bahnhof Richtung Celle Startet an Schultagen um 17.05 Uhr um der Sch\u00fclerbef\u00f6rderung des H\u00f6lty Hamb\u00fchren gerecht zu werden Linie 910 Fahrt um 8.59 Uhr ab Winsen, K\u00fcsterdamm Richtung Ovelg\u00f6nne Die Haltestelle Ovelg\u00f6nne, B214\/Wiesenweg wird zus\u00e4tzlich bedient Die neuen Fahrpl\u00e4ne findest du hier<\/p>","protected":false},"author":6,"featured_media":6205,"comment_status":"open","ping_status":"open","sticky":false,"template":"","format":"standard","meta":{"footnotes":""},"categories":[33,1],"tags":[],"class_list":["post-6501","post","type-post","status-publish","format-standard","has-post-thumbnail","hentry","category-fahrplanabweichungen","category-news"],"yoast_head":"<!-- This site is optimized with the Yoast SEO plugin v28.3 - https:\/\/yoast.com\/product\/yoast-seo-wordpress\/ -->\n<title>Linien 7 - 460 - 800 - 910 | Kleine Fahrplananpassungen zum 07.09.2026 - Cebus Celle<\/title>\n<meta name=\"robots\" content=\"index, follow, max-snippet:-1, max-image-preview:large, max-video-preview:-1\" \/>\n<link rel=\"canonical\" href=\"https:\/\/cebus-celle.de\/pl\/linien-7-460-800-910-kleine-fahrplananpassungen-zum-07-09-2026\/\" \/>\n<meta property=\"og:locale\" content=\"pl_PL\" \/>\n<meta property=\"og:type\" content=\"article\" \/>\n<meta property=\"og:title\" content=\"Linien 7 - 460 - 800 - 910 | Kleine Fahrplananpassungen zum 07.09.2026 - Cebus Celle\" \/>\n<meta property=\"og:description\" content=\"Zur Optimierung der Sch\u00fclerbef\u00f6rderung sind bei den Linien 7 &#8211; 460 &#8211; 800 und 910 kleine Fahrplananpassungen ab Montag, 7. September 2026 erforderlich: Linie 7 Fahrt um 7.35 Uhr ab Celle, Schlossplatz Richtung Blumlage Um die Grundschule Blumlage zu erreichen, verl\u00e4uft der Fahrweg \u00fcber die Blumlage Linie 460 Fahrt um 7.39 Uhr ab Beedenbostel, Siedlung in Richtung Eldingen Fahrt beginnt neu um 7.31 Uhr an der OBS Lachendorf &#8211; Beedenbostel, Siedlung wird weiterhin um 7.39 Uhr bedient Fahrt um 14.01 Uhr ab Steinhorst, Ortsmitte Richtung Lachendorf Fahrt erfolgt an Schultagen k\u00fcnftig um 14.10 Uhr &#8211; Bargfeld und Heese werden nicht bedient An Ferientagen erfolgt die Fahrt weiterhin um 14.01 Uhr Linie 800 Fahrt um 6.39 Uhr ab Wietze, Wieckenberger Weg Richtung Altenhagen, Schule K\u00fcnftig werden die Haltestellen in Hamb\u00fchren II bedient (mit Ausnahme B214\/Ostlandstra\u00dfe, Schlochauer Str., Allensteiner Str. und Wacholderweg) Fahrt um 16.56 Uhr ab Wietze, Alter Bahnhof Richtung Celle Startet an Schultagen um 17.05 Uhr um der Sch\u00fclerbef\u00f6rderung des H\u00f6lty Hamb\u00fchren gerecht zu werden Linie 910 Fahrt um 8.59 Uhr ab Winsen, K\u00fcsterdamm Richtung Ovelg\u00f6nne Die Haltestelle Ovelg\u00f6nne, B214\/Wiesenweg wird zus\u00e4tzlich bedient Die neuen Fahrpl\u00e4ne findest du hier\" \/>\n<meta property=\"og:url\" content=\"https:\/\/cebus-celle.de\/pl\/linien-7-460-800-910-kleine-fahrplananpassungen-zum-07-09-2026\/\" \/>\n<meta property=\"og:site_name\" content=\"Cebus Celle\" \/>\n<meta property=\"article:published_time\" content=\"2026-09-02T11:46:14+00:00\" \/>\n<meta property=\"article:modified_time\" content=\"2026-09-02T11:48:07+00:00\" \/>\n<meta property=\"og:image\" content=\"https:\/\/cebus-celle.de\/wp-content\/uploads\/Im-Bus-1920x640-1.png\" \/>\n\t<meta property=\"og:image:width\" content=\"1920\" \/>\n\t<meta property=\"og:image:height\" content=\"640\" \/>\n\t<meta property=\"og:image:type\" content=\"image\/png\" \/>\n<meta name=\"author\" content=\"peters\" \/>\n<meta name=\"twitter:card\" content=\"summary_large_image\" \/>\n<meta name=\"twitter:label1\" content=\"Napisane przez\" \/>\n\t<meta name=\"twitter:data1\" content=\"peters\" \/>\n\t<meta name=\"twitter:label2\" content=\"Szacowany czas czytania\" \/>\n\t<meta name=\"twitter:data2\" content=\"2 minuty\" \/>\n<script type=\"application\/ld+json\" class=\"yoast-schema-graph\">{\"@context\":\"https:\\\/\\\/schema.org\",\"@graph\":[{\"@type\":\"Article\",\"@id\":\"https:\\\/\\\/cebus-celle.de\\\/linien-7-460-800-910-kleine-fahrplananpassungen-zum-07-09-2026\\\/#article\",\"isPartOf\":{\"@id\":\"https:\\\/\\\/cebus-celle.de\\\/linien-7-460-800-910-kleine-fahrplananpassungen-zum-07-09-2026\\\/\"},\"author\":{\"name\":\"peters\",\"@id\":\"https:\\\/\\\/cebus-celle.de\\\/#\\\/schema\\\/person\\\/a8d5b86dc6fdef01e4017a6f659c804e\"},\"headline\":\"Linien 7 &#8211; 460 &#8211; 800 &#8211; 910 | Kleine Fahrplananpassungen zum 07.09.2026\",\"datePublished\":\"2026-09-02T11:46:14+00:00\",\"dateModified\":\"2026-09-02T11:48:07+00:00\",\"mainEntityOfPage\":{\"@id\":\"https:\\\/\\\/cebus-celle.de\\\/linien-7-460-800-910-kleine-fahrplananpassungen-zum-07-09-2026\\\/\"},\"wordCount\":193,\"commentCount\":0,\"publisher\":{\"@id\":\"https:\\\/\\\/cebus-celle.de\\\/#organization\"},\"image\":{\"@id\":\"https:\\\/\\\/cebus-celle.de\\\/linien-7-460-800-910-kleine-fahrplananpassungen-zum-07-09-2026\\\/#primaryimage\"},\"thumbnailUrl\":\"https:\\\/\\\/cebus-celle.de\\\/wp-content\\\/uploads\\\/Im-Bus-1920x640-1.png\",\"articleSection\":[\"Fahrplanabweichungen\",\"News\"],\"inLanguage\":\"pl-PL\",\"potentialAction\":[{\"@type\":\"CommentAction\",\"name\":\"Comment\",\"target\":[\"https:\\\/\\\/cebus-celle.de\\\/linien-7-460-800-910-kleine-fahrplananpassungen-zum-07-09-2026\\\/#respond\"]}]},{\"@type\":\"WebPage\",\"@id\":\"https:\\\/\\\/cebus-celle.de\\\/linien-7-460-800-910-kleine-fahrplananpassungen-zum-07-09-2026\\\/\",\"url\":\"https:\\\/\\\/cebus-celle.de\\\/linien-7-460-800-910-kleine-fahrplananpassungen-zum-07-09-2026\\\/\",\"name\":\"Linien 7 - 460 - 800 - 910 | Kleine Fahrplananpassungen zum 07.09.2026 - Cebus Celle\",\"isPartOf\":{\"@id\":\"https:\\\/\\\/cebus-celle.de\\\/#website\"},\"primaryImageOfPage\":{\"@id\":\"https:\\\/\\\/cebus-celle.de\\\/linien-7-460-800-910-kleine-fahrplananpassungen-zum-07-09-2026\\\/#primaryimage\"},\"image\":{\"@id\":\"https:\\\/\\\/cebus-celle.de\\\/linien-7-460-800-910-kleine-fahrplananpassungen-zum-07-09-2026\\\/#primaryimage\"},\"thumbnailUrl\":\"https:\\\/\\\/cebus-celle.de\\\/wp-content\\\/uploads\\\/Im-Bus-1920x640-1.png\",\"datePublished\":\"2026-09-02T11:46:14+00:00\",\"dateModified\":\"2026-09-02T11:48:07+00:00\",\"breadcrumb\":{\"@id\":\"https:\\\/\\\/cebus-celle.de\\\/linien-7-460-800-910-kleine-fahrplananpassungen-zum-07-09-2026\\\/#breadcrumb\"},\"inLanguage\":\"pl-PL\",\"potentialAction\":[{\"@type\":\"ReadAction\",\"target\":[\"https:\\\/\\\/cebus-celle.de\\\/linien-7-460-800-910-kleine-fahrplananpassungen-zum-07-09-2026\\\/\"]}]},{\"@type\":\"ImageObject\",\"inLanguage\":\"pl-PL\",\"@id\":\"https:\\\/\\\/cebus-celle.de\\\/linien-7-460-800-910-kleine-fahrplananpassungen-zum-07-09-2026\\\/#primaryimage\",\"url\":\"https:\\\/\\\/cebus-celle.de\\\/wp-content\\\/uploads\\\/Im-Bus-1920x640-1.png\",\"contentUrl\":\"https:\\\/\\\/cebus-celle.de\\\/wp-content\\\/uploads\\\/Im-Bus-1920x640-1.png\",\"width\":1920,\"height\":640},{\"@type\":\"BreadcrumbList\",\"@id\":\"https:\\\/\\\/cebus-celle.de\\\/linien-7-460-800-910-kleine-fahrplananpassungen-zum-07-09-2026\\\/#breadcrumb\",\"itemListElement\":[{\"@type\":\"ListItem\",\"position\":1,\"name\":\"Startseite\",\"item\":\"https:\\\/\\\/cebus-celle.de\\\/\"},{\"@type\":\"ListItem\",\"position\":2,\"name\":\"Linien 7 &#8211; 460 &#8211; 800 &#8211; 910 | Kleine Fahrplananpassungen zum 07.09.2026\"}]},{\"@type\":\"WebSite\",\"@id\":\"https:\\\/\\\/cebus-celle.de\\\/#website\",\"url\":\"https:\\\/\\\/cebus-celle.de\\\/\",\"name\":\"Cebus Celle\",\"description\":\"\",\"publisher\":{\"@id\":\"https:\\\/\\\/cebus-celle.de\\\/#organization\"},\"potentialAction\":[{\"@type\":\"SearchAction\",\"target\":{\"@type\":\"EntryPoint\",\"urlTemplate\":\"https:\\\/\\\/cebus-celle.de\\\/?s={search_term_string}\"},\"query-input\":{\"@type\":\"PropertyValueSpecification\",\"valueRequired\":true,\"valueName\":\"search_term_string\"}}],\"inLanguage\":\"pl-PL\"},{\"@type\":\"Organization\",\"@id\":\"https:\\\/\\\/cebus-celle.de\\\/#organization\",\"name\":\"Cebus Celle\",\"url\":\"https:\\\/\\\/cebus-celle.de\\\/\",\"logo\":{\"@type\":\"ImageObject\",\"inLanguage\":\"pl-PL\",\"@id\":\"https:\\\/\\\/cebus-celle.de\\\/#\\\/schema\\\/logo\\\/image\\\/\",\"url\":\"https:\\\/\\\/cebus-celle.de\\\/wp-content\\\/uploads\\\/logo-kvg.png\",\"contentUrl\":\"https:\\\/\\\/cebus-celle.de\\\/wp-content\\\/uploads\\\/logo-kvg.png\",\"width\":171,\"height\":68,\"caption\":\"Cebus Celle\"},\"image\":{\"@id\":\"https:\\\/\\\/cebus-celle.de\\\/#\\\/schema\\\/logo\\\/image\\\/\"}},{\"@type\":\"Person\",\"@id\":\"https:\\\/\\\/cebus-celle.de\\\/#\\\/schema\\\/person\\\/a8d5b86dc6fdef01e4017a6f659c804e\",\"name\":\"peters\",\"image\":{\"@type\":\"ImageObject\",\"inLanguage\":\"pl-PL\",\"@id\":\"https:\\\/\\\/secure.gravatar.com\\\/avatar\\\/9c3605722559827488fe70366f5a76c8bb200aca3e281d85f4011ea07a22d91d?s=96&d=mm&r=g\",\"url\":\"https:\\\/\\\/secure.gravatar.com\\\/avatar\\\/9c3605722559827488fe70366f5a76c8bb200aca3e281d85f4011ea07a22d91d?s=96&d=mm&r=g\",\"contentUrl\":\"https:\\\/\\\/secure.gravatar.com\\\/avatar\\\/9c3605722559827488fe70366f5a76c8bb200aca3e281d85f4011ea07a22d91d?s=96&d=mm&r=g\",\"caption\":\"peters\"},\"url\":\"https:\\\/\\\/cebus-celle.de\\\/pl\\\/author\\\/peters\\\/\"}]}<\/script>\n<!-- \/ Yoast SEO plugin. -->","yoast_head_json":{"title":"Linien 7 - 460 - 800 - 910 | Kleine Fahrplananpassungen zum 07.09.2026 - Cebus Celle","robots":{"index":"index","follow":"follow","max-snippet":"max-snippet:-1","max-image-preview":"max-image-preview:large","max-video-preview":"max-video-preview:-1"},"canonical":"https:\/\/cebus-celle.de\/pl\/linien-7-460-800-910-kleine-fahrplananpassungen-zum-07-09-2026\/","og_locale":"pl_PL","og_type":"article","og_title":"Linien 7 - 460 - 800 - 910 | Kleine Fahrplananpassungen zum 07.09.2026 - Cebus Celle","og_description":"Zur Optimierung der Sch\u00fclerbef\u00f6rderung sind bei den Linien 7 &#8211; 460 &#8211; 800 und 910 kleine Fahrplananpassungen ab Montag, 7. September 2026 erforderlich: Linie 7 Fahrt um 7.35 Uhr ab Celle, Schlossplatz Richtung Blumlage Um die Grundschule Blumlage zu erreichen, verl\u00e4uft der Fahrweg \u00fcber die Blumlage Linie 460 Fahrt um 7.39 Uhr ab Beedenbostel, Siedlung in Richtung Eldingen Fahrt beginnt neu um 7.31 Uhr an der OBS Lachendorf &#8211; Beedenbostel, Siedlung wird weiterhin um 7.39 Uhr bedient Fahrt um 14.01 Uhr ab Steinhorst, Ortsmitte Richtung Lachendorf Fahrt erfolgt an Schultagen k\u00fcnftig um 14.10 Uhr &#8211; Bargfeld und Heese werden nicht bedient An Ferientagen erfolgt die Fahrt weiterhin um 14.01 Uhr Linie 800 Fahrt um 6.39 Uhr ab Wietze, Wieckenberger Weg Richtung Altenhagen, Schule K\u00fcnftig werden die Haltestellen in Hamb\u00fchren II bedient (mit Ausnahme B214\/Ostlandstra\u00dfe, Schlochauer Str., Allensteiner Str. und Wacholderweg) Fahrt um 16.56 Uhr ab Wietze, Alter Bahnhof Richtung Celle Startet an Schultagen um 17.05 Uhr um der Sch\u00fclerbef\u00f6rderung des H\u00f6lty Hamb\u00fchren gerecht zu werden Linie 910 Fahrt um 8.59 Uhr ab Winsen, K\u00fcsterdamm Richtung Ovelg\u00f6nne Die Haltestelle Ovelg\u00f6nne, B214\/Wiesenweg wird zus\u00e4tzlich bedient Die neuen Fahrpl\u00e4ne findest du hier","og_url":"https:\/\/cebus-celle.de\/pl\/linien-7-460-800-910-kleine-fahrplananpassungen-zum-07-09-2026\/","og_site_name":"Cebus Celle","article_published_time":"2026-09-02T11:46:14+00:00","article_modified_time":"2026-09-02T11:48:07+00:00","og_image":[{"width":1920,"height":640,"url":"https:\/\/cebus-celle.de\/wp-content\/uploads\/Im-Bus-1920x640-1.png","type":"image\/png"}],"author":"peters","twitter_card":"summary_large_image","twitter_misc":{"Napisane przez":"peters","Szacowany czas czytania":"2 minuty"},"schema":{"@context":"https:\/\/schema.org","@graph":[{"@type":"Article","@id":"https:\/\/cebus-celle.de\/linien-7-460-800-910-kleine-fahrplananpassungen-zum-07-09-2026\/#article","isPartOf":{"@id":"https:\/\/cebus-celle.de\/linien-7-460-800-910-kleine-fahrplananpassungen-zum-07-09-2026\/"},"author":{"name":"peters","@id":"https:\/\/cebus-celle.de\/#\/schema\/person\/a8d5b86dc6fdef01e4017a6f659c804e"},"headline":"Linien 7 &#8211; 460 &#8211; 800 &#8211; 910 | Kleine Fahrplananpassungen zum 07.09.2026","datePublished":"2026-09-02T11:46:14+00:00","dateModified":"2026-09-02T11:48:07+00:00","mainEntityOfPage":{"@id":"https:\/\/cebus-celle.de\/linien-7-460-800-910-kleine-fahrplananpassungen-zum-07-09-2026\/"},"wordCount":193,"commentCount":0,"publisher":{"@id":"https:\/\/cebus-celle.de\/#organization"},"image":{"@id":"https:\/\/cebus-celle.de\/linien-7-460-800-910-kleine-fahrplananpassungen-zum-07-09-2026\/#primaryimage"},"thumbnailUrl":"https:\/\/cebus-celle.de\/wp-content\/uploads\/Im-Bus-1920x640-1.png","articleSection":["Fahrplanabweichungen","News"],"inLanguage":"pl-PL","potentialAction":[{"@type":"CommentAction","name":"Comment","target":["https:\/\/cebus-celle.de\/linien-7-460-800-910-kleine-fahrplananpassungen-zum-07-09-2026\/#respond"]}]},{"@type":"WebPage","@id":"https:\/\/cebus-celle.de\/linien-7-460-800-910-kleine-fahrplananpassungen-zum-07-09-2026\/","url":"https:\/\/cebus-celle.de\/linien-7-460-800-910-kleine-fahrplananpassungen-zum-07-09-2026\/","name":"Linien 7 - 460 - 800 - 910 | Kleine Fahrplananpassungen zum 07.09.2026 - Cebus Celle","isPartOf":{"@id":"https:\/\/cebus-celle.de\/#website"},"primaryImageOfPage":{"@id":"https:\/\/cebus-celle.de\/linien-7-460-800-910-kleine-fahrplananpassungen-zum-07-09-2026\/#primaryimage"},"image":{"@id":"https:\/\/cebus-celle.de\/linien-7-460-800-910-kleine-fahrplananpassungen-zum-07-09-2026\/#primaryimage"},"thumbnailUrl":"https:\/\/cebus-celle.de\/wp-content\/uploads\/Im-Bus-1920x640-1.png","datePublished":"2026-09-02T11:46:14+00:00","dateModified":"2026-09-02T11:48:07+00:00","breadcrumb":{"@id":"https:\/\/cebus-celle.de\/linien-7-460-800-910-kleine-fahrplananpassungen-zum-07-09-2026\/#breadcrumb"},"inLanguage":"pl-PL","potentialAction":[{"@type":"ReadAction","target":["https:\/\/cebus-celle.de\/linien-7-460-800-910-kleine-fahrplananpassungen-zum-07-09-2026\/"]}]},{"@type":"ImageObject","inLanguage":"pl-PL","@id":"https:\/\/cebus-celle.de\/linien-7-460-800-910-kleine-fahrplananpassungen-zum-07-09-2026\/#primaryimage","url":"https:\/\/cebus-celle.de\/wp-content\/uploads\/Im-Bus-1920x640-1.png","contentUrl":"https:\/\/cebus-celle.de\/wp-content\/uploads\/Im-Bus-1920x640-1.png","width":1920,"height":640},{"@type":"BreadcrumbList","@id":"https:\/\/cebus-celle.de\/linien-7-460-800-910-kleine-fahrplananpassungen-zum-07-09-2026\/#breadcrumb","itemListElement":[{"@type":"ListItem","position":1,"name":"Startseite","item":"https:\/\/cebus-celle.de\/"},{"@type":"ListItem","position":2,"name":"Linien 7 &#8211; 460 &#8211; 800 &#8211; 910 | Kleine Fahrplananpassungen zum 07.09.2026"}]},{"@type":"WebSite","@id":"https:\/\/cebus-celle.de\/#website","url":"https:\/\/cebus-celle.de\/","name":"Cebus Celle","description":"","publisher":{"@id":"https:\/\/cebus-celle.de\/#organization"},"potentialAction":[{"@type":"SearchAction","target":{"@type":"EntryPoint","urlTemplate":"https:\/\/cebus-celle.de\/?s={search_term_string}"},"query-input":{"@type":"PropertyValueSpecification","valueRequired":true,"valueName":"search_term_string"}}],"inLanguage":"pl-PL"},{"@type":"Organization","@id":"https:\/\/cebus-celle.de\/#organization","name":"Cebus Celle","url":"https:\/\/cebus-celle.de\/","logo":{"@type":"ImageObject","inLanguage":"pl-PL","@id":"https:\/\/cebus-celle.de\/#\/schema\/logo\/image\/","url":"https:\/\/cebus-celle.de\/wp-content\/uploads\/logo-kvg.png","contentUrl":"https:\/\/cebus-celle.de\/wp-content\/uploads\/logo-kvg.png","width":171,"height":68,"caption":"Cebus Celle"},"image":{"@id":"https:\/\/cebus-celle.de\/#\/schema\/logo\/image\/"}},{"@type":"Person","@id":"https:\/\/cebus-celle.de\/#\/schema\/person\/a8d5b86dc6fdef01e4017a6f659c804e","name":"petery","image":{"@type":"ImageObject","inLanguage":"pl-PL","@id":"https:\/\/secure.gravatar.com\/avatar\/9c3605722559827488fe70366f5a76c8bb200aca3e281d85f4011ea07a22d91d?s=96&d=mm&r=g","url":"https:\/\/secure.gravatar.com\/avatar\/9c3605722559827488fe70366f5a76c8bb200aca3e281d85f4011ea07a22d91d?s=96&d=mm&r=g","contentUrl":"https:\/\/secure.gravatar.com\/avatar\/9c3605722559827488fe70366f5a76c8bb200aca3e281d85f4011ea07a22d91d?s=96&d=mm&r=g","caption":"peters"},"url":"https:\/\/cebus-celle.de\/pl\/author\/peters\/"}]}},"_links":{"self":[{"href":"https:\/\/cebus-celle.de\/pl\/wp-json\/wp\/v2\/posts\/6501","targetHints":{"allow":["GET"]}}],"collection":[{"href":"https:\/\/cebus-celle.de\/pl\/wp-json\/wp\/v2\/posts"}],"about":[{"href":"https:\/\/cebus-celle.de\/pl\/wp-json\/wp\/v2\/types\/post"}],"author":[{"embeddable":true,"href":"https:\/\/cebus-celle.de\/pl\/wp-json\/wp\/v2\/users\/6"}],"replies":[{"embeddable":true,"href":"https:\/\/cebus-celle.de\/pl\/wp-json\/wp\/v2\/comments?post=6501"}],"version-history":[{"count":2,"href":"https:\/\/cebus-celle.de\/pl\/wp-json\/wp\/v2\/posts\/6501\/revisions"}],"predecessor-version":[{"id":6503,"href":"https:\/\/cebus-celle.de\/pl\/wp-json\/wp\/v2\/posts\/6501\/revisions\/6503"}],"wp:featuredmedia":[{"embeddable":true,"href":"https:\/\/cebus-celle.de\/pl\/wp-json\/wp\/v2\/media\/6205"}],"wp:attachment":[{"href":"https:\/\/cebus-celle.de\/pl\/wp-json\/wp\/v2\/media?parent=6501"}],"wp:term":[{"taxonomy":"category","embeddable":true,"href":"https:\/\/cebus-celle.de\/pl\/wp-json\/wp\/v2\/categories?post=6501"},{"taxonomy":"post_tag","embeddable":true,"href":"https:\/\/cebus-celle.de\/pl\/wp-json\/wp\/v2\/tags?post=6501"}],"curies":[{"name":"wp","href":"https:\/\/api.w.org\/{rel}","templated":true}]}}